{"id":70865,"date":"2025-09-10T19:06:08","date_gmt":"2025-09-11T01:06:08","guid":{"rendered":"https:\/\/encuentroinformativo.com.mx\/?p=70865"},"modified":"2025-09-10T19:06:08","modified_gmt":"2025-09-11T01:06:08","slug":"rayo-incendia-vivienda-y-deja-danos-en-pajapan","status":"publish","type":"post","link":"https:\/\/encuentroinformativo.com.mx\/?p=70865","title":{"rendered":"Rayo incendia vivienda y deja da\u00f1os en Pajapan"},"content":{"rendered":"<p><strong>Jos\u00e9 Vargas<\/strong><\/p>\n<p>Pajapan, Ver.-\u00a0 La tarde de este martes, un rayo cay\u00f3 sobre una vivienda en el municipio de Pajapan, provocando un incendio que consumi\u00f3 el cableado el\u00e9ctrico y dej\u00f3 sin energ\u00eda a varias familias de la zona.<\/p>\n<p>Vecinos relataron que previo al incidente se escucharon fuertes estruendos en distintos puntos del municipio, producto de la tormenta el\u00e9ctrica registrada. Minutos despu\u00e9s, uno de los rayos impact\u00f3 directamente sobre la vivienda, generando da\u00f1os materiales y un apag\u00f3n parcial en la comunidad.<\/p>\n<p>La familia afectada solicit\u00f3 la intervenci\u00f3n de las autoridades correspondientes para realizar una inspecci\u00f3n y determinar los riesgos, pues temen que el sistema el\u00e9ctrico haya quedado severamente comprometido.<\/p>\n<p>Habitantes de la zona hicieron un llamado a Protecci\u00f3n Civil y a la Comisi\u00f3n Federal de Electricidad (CFE) para que atiendan a la brevedad la situaci\u00f3n, ya que varias familias permanecen sin servicio de energ\u00eda tras el siniestro.<\/p>\n","protected":false},"excerpt":{"rendered":"<p>Jos\u00e9 Vargas Pajapan, Ver.-\u00a0 La tarde de este martes, un rayo cay\u00f3 sobre una vivienda en el municipio de Pajapan, provocando un incendio que consumi\u00f3 el cableado el\u00e9ctrico y dej\u00f3 sin energ\u00eda a varias familias de la zona. Vecinos relataron que previo al incidente se escucharon fuertes estruendos en distintos puntos del municipio, producto de [&hellip;]<\/p>\n","protected":false},"author":2476,"featured_media":70866,"comment_status":"open","ping_status":"open","sticky":false,"template":"","format":"standard","meta":{"_jetpack_memberships_contains_paid_content":false,"footnotes":""},"categories":[2],"tags":[],"class_list":["post-70865","post","type-post","status-publish","format-standard","has-post-thumbnail","hentry","category-estado"],"jetpack_featured_media_url":"https:\/\/encuentroinformativo.com.mx\/wp-content\/uploads\/2025\/09\/IMG-20250910-WA0177.jpg","jetpack_sharing_enabled":true,"jetpack_likes_enabled":true,"amp_enabled":true,"_links":{"self":[{"href":"https:\/\/encuentroinformativo.com.mx\/index.php?rest_route=\/wp\/v2\/posts\/70865","targetHints":{"allow":["GET"]}}],"collection":[{"href":"https:\/\/encuentroinformativo.com.mx\/index.php?rest_route=\/wp\/v2\/posts"}],"about":[{"href":"https:\/\/encuentroinformativo.com.mx\/index.php?rest_route=\/wp\/v2\/types\/post"}],"author":[{"embeddable":true,"href":"https:\/\/encuentroinformativo.com.mx\/index.php?rest_route=\/wp\/v2\/users\/2476"}],"replies":[{"embeddable":true,"href":"https:\/\/encuentroinformativo.com.mx\/index.php?rest_route=%2Fwp%2Fv2%2Fcomments&post=70865"}],"version-history":[{"count":1,"href":"https:\/\/encuentroinformativo.com.mx\/index.php?rest_route=\/wp\/v2\/posts\/70865\/revisions"}],"predecessor-version":[{"id":70867,"href":"https:\/\/encuentroinformativo.com.mx\/index.php?rest_route=\/wp\/v2\/posts\/70865\/revisions\/70867"}],"wp:featuredmedia":[{"embeddable":true,"href":"https:\/\/encuentroinformativo.com.mx\/index.php?rest_route=\/wp\/v2\/media\/70866"}],"wp:attachment":[{"href":"https:\/\/encuentroinformativo.com.mx\/index.php?rest_route=%2Fwp%2Fv2%2Fmedia&parent=70865"}],"wp:term":[{"taxonomy":"category","embeddable":true,"href":"https:\/\/encuentroinformativo.com.mx\/index.php?rest_route=%2Fwp%2Fv2%2Fcategories&post=70865"},{"taxonomy":"post_tag","embeddable":true,"href":"https:\/\/encuentroinformativo.com.mx\/index.php?rest_route=%2Fwp%2Fv2%2Ftags&post=70865"}],"curies":[{"name":"wp","href":"https:\/\/api.w.org\/{rel}","templated":true}]}}