{"id":70873,"date":"2025-09-11T12:27:23","date_gmt":"2025-09-11T18:27:23","guid":{"rendered":"https:\/\/encuentroinformativo.com.mx\/?p=70873"},"modified":"2025-09-11T12:27:23","modified_gmt":"2025-09-11T18:27:23","slug":"denuncia-periodista-de-san-rafael-recibir-amenazas-de-funcionarios-municipales","status":"publish","type":"post","link":"https:\/\/encuentroinformativo.com.mx\/?p=70873","title":{"rendered":"Denuncia periodista de San Rafael recibir amenazas de funcionarios municipales"},"content":{"rendered":"<p><strong>Dar\u00edo Pale<\/strong><\/p>\n<p>Xalapa, Ver.- Denuncia periodista de San Rafael amenazas de muerte por funcionario municipal, el hecho se debi\u00f3 por la difusi\u00f3n de una nota sobre la suspensi\u00f3n de un centro naturista, cuyo due\u00f1o es padre del funcionario del Ayuntamiento.<\/p>\n<p>Jes\u00fas Daniel Cruz, periodista independiente de la p\u00e1gina de <em>Facebook JDC Noticias<\/em> denunci\u00f3 que recibi\u00f3 amenazas de muerte tras difundir una nota informativa sobre la suspensi\u00f3n de una farmacia\/centro naturista en el municipio de San Rafael por parte de autoridades de Salud y COFEPRIS, por vender medicamentos irregulares.<\/p>\n<p>Luego de 20 minutos, una persona de nombre Ren\u00e9 N le llam\u00f3 por tel\u00e9fono y lo amenaz\u00f3 de muerte. &#8220;Me dice que donde me encuentre, me va a matar&#8221;.<\/p>\n<p>&#8220;Esa persona es jur\u00eddico del Ayuntamiento de San Rafael, pero tambi\u00e9n es Procurador de la Defensa del Menor en el mismo municipio&#8221;, coment\u00f3<\/p>\n<p>Dijo que dicho sujeto es hijo del due\u00f1o de la farmacia suspendida, el afectado inform\u00f3 que ya interpuso la denuncia correspondiente ante la Fiscal\u00eda y recibi\u00f3 acompa\u00f1amiento de la Comisi\u00f3n de Atenci\u00f3n y Protecci\u00f3n de los Periodistas.<\/p>\n<p>&#8220;Temo por mi vida y por mi integridad, temo seguir ejerciendo el periodismo&#8221;, se\u00f1al\u00f3.<\/p>\n<p>Por \u00faltimo coment\u00f3 que, esta solicitando seguridad a las autoridades del gobierno estatal.<\/p>\n","protected":false},"excerpt":{"rendered":"<p>Dar\u00edo Pale Xalapa, Ver.- Denuncia periodista de San Rafael amenazas de muerte por funcionario municipal, el hecho se debi\u00f3 por la difusi\u00f3n de una nota sobre la suspensi\u00f3n de un centro naturista, cuyo due\u00f1o es padre del funcionario del Ayuntamiento. Jes\u00fas Daniel Cruz, periodista independiente de la p\u00e1gina de Facebook JDC Noticias denunci\u00f3 que recibi\u00f3 [&hellip;]<\/p>\n","protected":false},"author":2476,"featured_media":70874,"comment_status":"open","ping_status":"open","sticky":false,"template":"","format":"standard","meta":{"_jetpack_memberships_contains_paid_content":false,"footnotes":""},"categories":[2],"tags":[],"class_list":["post-70873","post","type-post","status-publish","format-standard","has-post-thumbnail","hentry","category-estado"],"jetpack_featured_media_url":"https:\/\/encuentroinformativo.com.mx\/wp-content\/uploads\/2025\/09\/IMG-20250911-WA0059.jpg","jetpack_sharing_enabled":true,"jetpack_likes_enabled":true,"amp_enabled":true,"_links":{"self":[{"href":"https:\/\/encuentroinformativo.com.mx\/index.php?rest_route=\/wp\/v2\/posts\/70873","targetHints":{"allow":["GET"]}}],"collection":[{"href":"https:\/\/encuentroinformativo.com.mx\/index.php?rest_route=\/wp\/v2\/posts"}],"about":[{"href":"https:\/\/encuentroinformativo.com.mx\/index.php?rest_route=\/wp\/v2\/types\/post"}],"author":[{"embeddable":true,"href":"https:\/\/encuentroinformativo.com.mx\/index.php?rest_route=\/wp\/v2\/users\/2476"}],"replies":[{"embeddable":true,"href":"https:\/\/encuentroinformativo.com.mx\/index.php?rest_route=%2Fwp%2Fv2%2Fcomments&post=70873"}],"version-history":[{"count":1,"href":"https:\/\/encuentroinformativo.com.mx\/index.php?rest_route=\/wp\/v2\/posts\/70873\/revisions"}],"predecessor-version":[{"id":70875,"href":"https:\/\/encuentroinformativo.com.mx\/index.php?rest_route=\/wp\/v2\/posts\/70873\/revisions\/70875"}],"wp:featuredmedia":[{"embeddable":true,"href":"https:\/\/encuentroinformativo.com.mx\/index.php?rest_route=\/wp\/v2\/media\/70874"}],"wp:attachment":[{"href":"https:\/\/encuentroinformativo.com.mx\/index.php?rest_route=%2Fwp%2Fv2%2Fmedia&parent=70873"}],"wp:term":[{"taxonomy":"category","embeddable":true,"href":"https:\/\/encuentroinformativo.com.mx\/index.php?rest_route=%2Fwp%2Fv2%2Fcategories&post=70873"},{"taxonomy":"post_tag","embeddable":true,"href":"https:\/\/encuentroinformativo.com.mx\/index.php?rest_route=%2Fwp%2Fv2%2Ftags&post=70873"}],"curies":[{"name":"wp","href":"https:\/\/api.w.org\/{rel}","templated":true}]}}