{"id":70876,"date":"2025-09-11T12:33:16","date_gmt":"2025-09-11T18:33:16","guid":{"rendered":"https:\/\/encuentroinformativo.com.mx\/?p=70876"},"modified":"2025-09-11T12:33:16","modified_gmt":"2025-09-11T18:33:16","slug":"docentes-acusan-problemas-en-tramites-de-usicamm","status":"publish","type":"post","link":"https:\/\/encuentroinformativo.com.mx\/?p=70876","title":{"rendered":"Docentes acusan problemas en tr\u00e1mites de USICAMM"},"content":{"rendered":"<p><strong>Dar\u00edo Pale<\/strong><\/p>\n<p>Xalapa, Ver.- Docentes de la secci\u00f3n 32 del SNTE tomaron la subdirecci\u00f3n de Secundarias t\u00e9cnicas, se\u00f1alan a la Subdirecci\u00f3n y a USICAMM de problemas con la tramitolog\u00eda y tambi\u00e9n corrupci\u00f3n en el proceso que realizan.<\/p>\n<p>Integrantes de la secci\u00f3n 32 del SNTE en Veracruz, se encuentran manifest\u00e1ndose en las oficinas centrales de la Secretar\u00eda de Educaci\u00f3n de Veracruz (SEV), en las oficinas de la subdirecci\u00f3n de escuelas t\u00e9cnicas, para impedir el acceso al subdirector y personal que labora en ella.<\/p>\n<p>Dicen que esto se debe a que hay irregularidades cometidas en contra del personal que labora en jefaturas de sector, supervisiones, pero es una situaci\u00f3n generalizada en el norte, centro y sur de nuestro estado de Veracruz, en las diferentes escuelas, se han hecho movimientos opacos sin la consulta y el concurso y la participaci\u00f3n del sindicato nacional de trabajadores de la educaci\u00f3n.<\/p>\n<p>Dieron a conocer que la presidenta de la Rep\u00fablica Claudia Sheinbaum Pardo dio la instituci\u00f3n a trav\u00e9s del secretario de educaci\u00f3n p\u00fablica y del titular del USICAMM para que todos los asuntos inherentes a la educaci\u00f3n se tengan que platicar con el sindicato nacional de la educaci\u00f3n, \u201cpero aqu\u00ed no se respeta la instrucci\u00f3n de la presidenta de la Rep\u00fablica es por eso que estamos aqu\u00ed realizando esta manifestaci\u00f3n\u201d.<\/p>\n<p>Finalmente dieron a conocer que \u201cnosotros en la secci\u00f3n 32 representamos los intereses de los trabajadores, necesitamos resultados de los planteamientos que ya hemos llevado a cabo mesas de trabajo y no hay respuesta\u201d.<\/p>\n","protected":false},"excerpt":{"rendered":"<p>Dar\u00edo Pale Xalapa, Ver.- Docentes de la secci\u00f3n 32 del SNTE tomaron la subdirecci\u00f3n de Secundarias t\u00e9cnicas, se\u00f1alan a la Subdirecci\u00f3n y a USICAMM de problemas con la tramitolog\u00eda y tambi\u00e9n corrupci\u00f3n en el proceso que realizan. Integrantes de la secci\u00f3n 32 del SNTE en Veracruz, se encuentran manifest\u00e1ndose en las oficinas centrales de la [&hellip;]<\/p>\n","protected":false},"author":2476,"featured_media":70877,"comment_status":"open","ping_status":"open","sticky":false,"template":"","format":"standard","meta":{"_jetpack_memberships_contains_paid_content":false,"footnotes":""},"categories":[2],"tags":[],"class_list":["post-70876","post","type-post","status-publish","format-standard","has-post-thumbnail","hentry","category-estado"],"jetpack_featured_media_url":"https:\/\/encuentroinformativo.com.mx\/wp-content\/uploads\/2025\/09\/IMG-20250911-WA0063.jpg","jetpack_sharing_enabled":true,"jetpack_likes_enabled":true,"amp_enabled":true,"_links":{"self":[{"href":"https:\/\/encuentroinformativo.com.mx\/index.php?rest_route=\/wp\/v2\/posts\/70876","targetHints":{"allow":["GET"]}}],"collection":[{"href":"https:\/\/encuentroinformativo.com.mx\/index.php?rest_route=\/wp\/v2\/posts"}],"about":[{"href":"https:\/\/encuentroinformativo.com.mx\/index.php?rest_route=\/wp\/v2\/types\/post"}],"author":[{"embeddable":true,"href":"https:\/\/encuentroinformativo.com.mx\/index.php?rest_route=\/wp\/v2\/users\/2476"}],"replies":[{"embeddable":true,"href":"https:\/\/encuentroinformativo.com.mx\/index.php?rest_route=%2Fwp%2Fv2%2Fcomments&post=70876"}],"version-history":[{"count":1,"href":"https:\/\/encuentroinformativo.com.mx\/index.php?rest_route=\/wp\/v2\/posts\/70876\/revisions"}],"predecessor-version":[{"id":70878,"href":"https:\/\/encuentroinformativo.com.mx\/index.php?rest_route=\/wp\/v2\/posts\/70876\/revisions\/70878"}],"wp:featuredmedia":[{"embeddable":true,"href":"https:\/\/encuentroinformativo.com.mx\/index.php?rest_route=\/wp\/v2\/media\/70877"}],"wp:attachment":[{"href":"https:\/\/encuentroinformativo.com.mx\/index.php?rest_route=%2Fwp%2Fv2%2Fmedia&parent=70876"}],"wp:term":[{"taxonomy":"category","embeddable":true,"href":"https:\/\/encuentroinformativo.com.mx\/index.php?rest_route=%2Fwp%2Fv2%2Fcategories&post=70876"},{"taxonomy":"post_tag","embeddable":true,"href":"https:\/\/encuentroinformativo.com.mx\/index.php?rest_route=%2Fwp%2Fv2%2Ftags&post=70876"}],"curies":[{"name":"wp","href":"https:\/\/api.w.org\/{rel}","templated":true}]}}