{"id":70894,"date":"2025-09-11T14:46:52","date_gmt":"2025-09-11T20:46:52","guid":{"rendered":"https:\/\/encuentroinformativo.com.mx\/?p=70894"},"modified":"2025-09-11T14:46:52","modified_gmt":"2025-09-11T20:46:52","slug":"apoya-matraca-con-utiles-escolares-para-combatir-desercion-escolar","status":"publish","type":"post","link":"https:\/\/encuentroinformativo.com.mx\/?p=70894","title":{"rendered":"Apoya Matraca con \u00fatiles escolares para combatir deserci\u00f3n escolar"},"content":{"rendered":"<p><strong>Dar\u00edo Pale<\/strong><\/p>\n<p>Xalapa, Ver.- La directora de la Asociaci\u00f3n Civil Matraca, Erika Antonio Blanco, se\u00f1al\u00f3 que con la entrega de \u00fatiles escolares buscan disminuir la deserci\u00f3n escolar que se da principalmente en primaria y secundaria.<\/p>\n<p>&#8220;Porque son ni\u00f1as y ni\u00f1os que se encuentran estudiando y trabajando al mismo tiempo&#8221;, se\u00f1al\u00f3.<\/p>\n<p>La mayor parte se centr\u00f3 en estudiantes de primaria, pero tambi\u00e9n incluye los dem\u00e1s niveles hasta universidad.<\/p>\n<p>&#8220;En el contexto en el que viven se les dificulta. Por ejemplo, si son 5 o 6 hermanos en una familia, a veces los pap\u00e1s deben decidir cu\u00e1l hijo debe seguir estudiando y se da la deserci\u00f3n escolar&#8221;, coment\u00f3.<\/p>\n<p>Acerca del n\u00famero de menores en situaci\u00f3n de calle y que trabajan ah\u00ed aumenta en el periodo vacacional.<\/p>\n<p>La Asociaci\u00f3n Civil apoya a 652 menores de edad que laboran en calles, cruceros y mercados.<\/p>\n<p>Finalmente dio a conocer que, &#8220;nuestro reto es visibilizar a una poblaci\u00f3n que trabaja y que quiere seguir estudiando; tambi\u00e9n visibilizar la empat\u00eda de la sociedad para estas poblaciones&#8221;.<\/p>\n<p>&nbsp;<\/p>\n","protected":false},"excerpt":{"rendered":"<p>Dar\u00edo Pale Xalapa, Ver.- La directora de la Asociaci\u00f3n Civil Matraca, Erika Antonio Blanco, se\u00f1al\u00f3 que con la entrega de \u00fatiles escolares buscan disminuir la deserci\u00f3n escolar que se da principalmente en primaria y secundaria. &#8220;Porque son ni\u00f1as y ni\u00f1os que se encuentran estudiando y trabajando al mismo tiempo&#8221;, se\u00f1al\u00f3. La mayor parte se centr\u00f3 [&hellip;]<\/p>\n","protected":false},"author":2476,"featured_media":70895,"comment_status":"open","ping_status":"open","sticky":false,"template":"","format":"standard","meta":{"_jetpack_memberships_contains_paid_content":false,"footnotes":""},"categories":[2],"tags":[],"class_list":["post-70894","post","type-post","status-publish","format-standard","has-post-thumbnail","hentry","category-estado"],"jetpack_featured_media_url":"https:\/\/encuentroinformativo.com.mx\/wp-content\/uploads\/2025\/09\/IMG-20250911-WA0153.jpg","jetpack_sharing_enabled":true,"jetpack_likes_enabled":true,"amp_enabled":true,"_links":{"self":[{"href":"https:\/\/encuentroinformativo.com.mx\/index.php?rest_route=\/wp\/v2\/posts\/70894","targetHints":{"allow":["GET"]}}],"collection":[{"href":"https:\/\/encuentroinformativo.com.mx\/index.php?rest_route=\/wp\/v2\/posts"}],"about":[{"href":"https:\/\/encuentroinformativo.com.mx\/index.php?rest_route=\/wp\/v2\/types\/post"}],"author":[{"embeddable":true,"href":"https:\/\/encuentroinformativo.com.mx\/index.php?rest_route=\/wp\/v2\/users\/2476"}],"replies":[{"embeddable":true,"href":"https:\/\/encuentroinformativo.com.mx\/index.php?rest_route=%2Fwp%2Fv2%2Fcomments&post=70894"}],"version-history":[{"count":1,"href":"https:\/\/encuentroinformativo.com.mx\/index.php?rest_route=\/wp\/v2\/posts\/70894\/revisions"}],"predecessor-version":[{"id":70896,"href":"https:\/\/encuentroinformativo.com.mx\/index.php?rest_route=\/wp\/v2\/posts\/70894\/revisions\/70896"}],"wp:featuredmedia":[{"embeddable":true,"href":"https:\/\/encuentroinformativo.com.mx\/index.php?rest_route=\/wp\/v2\/media\/70895"}],"wp:attachment":[{"href":"https:\/\/encuentroinformativo.com.mx\/index.php?rest_route=%2Fwp%2Fv2%2Fmedia&parent=70894"}],"wp:term":[{"taxonomy":"category","embeddable":true,"href":"https:\/\/encuentroinformativo.com.mx\/index.php?rest_route=%2Fwp%2Fv2%2Fcategories&post=70894"},{"taxonomy":"post_tag","embeddable":true,"href":"https:\/\/encuentroinformativo.com.mx\/index.php?rest_route=%2Fwp%2Fv2%2Ftags&post=70894"}],"curies":[{"name":"wp","href":"https:\/\/api.w.org\/{rel}","templated":true}]}}