{"id":70902,"date":"2025-09-12T12:00:44","date_gmt":"2025-09-12T18:00:44","guid":{"rendered":"https:\/\/encuentroinformativo.com.mx\/?p=70902"},"modified":"2025-09-12T12:00:44","modified_gmt":"2025-09-12T18:00:44","slug":"insisten-transportistas-en-actualizacion-de-tarifas","status":"publish","type":"post","link":"https:\/\/encuentroinformativo.com.mx\/?p=70902","title":{"rendered":"Insisten transportistas en actualizaci\u00f3n de tarifas"},"content":{"rendered":"<p><strong>Dar\u00edo Pale<\/strong><\/p>\n<p>Xalapa, Ver.- \u00d3scar Luis Ceballos Ram\u00edrez, presidente del Servicio Urbano de Xalapa, inform\u00f3 que contin\u00faa el di\u00e1logo con Gobierno del Estado para solicitar una actualizaci\u00f3n de tarifas, pues de lo contrario se les dificultar\u00e1 meter un nuevo parque vehicular.<\/p>\n<p>Expuso que recientemente pusieron en circulaci\u00f3n una nueva unidad piloto de &#8220;Urban Plus&#8221;, que es un autob\u00fas m\u00e1s moderno, con varios servicios, pero lamentablemente no pudieron seguir con el cobro de 13 pesos, porque el Gobierno se los impidi\u00f3 y tuvieron que regresar a la tarifa de 9 pesos.<\/p>\n<p>En ese sentido, refiri\u00f3 que un precio de 9 pesos el boleto con las nuevas unidades se les complica mucho para poder tener el gran n\u00famero de unidades que pretenden poner en circulaci\u00f3n.<\/p>\n<p>&#8220;Desafortunadamente se tuvo que retroceder, a 9 pesos se nos complica. Dependemos del gobierno del Estado, no hemos tenido la respuesta, pero seguiremos insistiendo antes de que se nos cumpla el plazo, porque tenemos en proyecto otras dos unidades en diferentes caracter\u00edsticas, ojal\u00e1 y nos volteen a ver a todos los transportistas ya, que nos hace falta una actualizaci\u00f3n en el pasaje&#8221;, manifest\u00f3.<\/p>\n<p>&#8220;Tenemos una unidad a prueba, un demo, todav\u00eda nos quedan 15 d\u00edas para tenerlo aqu\u00ed en la capital&#8221;, coment\u00f3.<\/p>\n<p>En ese sentido, asegur\u00f3 que la respuesta de los ciudadanos xalape\u00f1os ha sido muy positiva para el uso de esta nueva unidad, les ha agradado por ser un servicio diferente.<\/p>\n<p>&#8220;Lo \u00fanico que s\u00ed es que nos estamos acercando al Gobierno para que nos d\u00e9 una actualizaci\u00f3n de las tarifas, porque con una tarifa de 9 pesos a un costo de estas unidades, se nos complica para tener el gran n\u00famero de unidades que nosotros queremos tener&#8221;, se\u00f1al\u00f3.<\/p>\n<p>Con respecto a la tarifa que pretend\u00edan cobrar con la unidad demo (13 pesos) que incluye aire acondicionado, wifi y otros servicios, coment\u00f3 que las personas lo hab\u00edan visto bien.<\/p>\n<p>&#8220;La ciudadan\u00eda lo acept\u00f3, estuvo de acuerdo en pagar esa cantidad, teniendo un servicio con esas especificaciones, pero desafortunadamente se tuvo que retroceder por algunas situaciones&#8221;, explic\u00f3.<\/p>\n<p>Dio a conocer que el aumento de la tarifa depende del gobierno del estado, por lo que seguir\u00e1n insistiendo antes de que se cumpla el plazo.<\/p>\n<p>Finalmente se\u00f1al\u00f3 &#8220;tenemos el siguiente proyecto de las otras unidades en demo en diferentes caracter\u00edsticas, ojal\u00e1 nos volteen a ver, porque nos hace falta una actualizaci\u00f3n del pasaje&#8221;.<\/p>\n","protected":false},"excerpt":{"rendered":"<p>Dar\u00edo Pale Xalapa, Ver.- \u00d3scar Luis Ceballos Ram\u00edrez, presidente del Servicio Urbano de Xalapa, inform\u00f3 que contin\u00faa el di\u00e1logo con Gobierno del Estado para solicitar una actualizaci\u00f3n de tarifas, pues de lo contrario se les dificultar\u00e1 meter un nuevo parque vehicular. Expuso que recientemente pusieron en circulaci\u00f3n una nueva unidad piloto de &#8220;Urban Plus&#8221;, que [&hellip;]<\/p>\n","protected":false},"author":2476,"featured_media":70900,"comment_status":"open","ping_status":"open","sticky":false,"template":"","format":"standard","meta":{"_jetpack_memberships_contains_paid_content":false,"footnotes":""},"categories":[3],"tags":[],"class_list":["post-70902","post","type-post","status-publish","format-standard","has-post-thumbnail","hentry","category-xalapa"],"jetpack_featured_media_url":"https:\/\/encuentroinformativo.com.mx\/wp-content\/uploads\/2025\/09\/IMG-20250912-WA00552.jpg","jetpack_sharing_enabled":true,"jetpack_likes_enabled":true,"amp_enabled":true,"_links":{"self":[{"href":"https:\/\/encuentroinformativo.com.mx\/index.php?rest_route=\/wp\/v2\/posts\/70902","targetHints":{"allow":["GET"]}}],"collection":[{"href":"https:\/\/encuentroinformativo.com.mx\/index.php?rest_route=\/wp\/v2\/posts"}],"about":[{"href":"https:\/\/encuentroinformativo.com.mx\/index.php?rest_route=\/wp\/v2\/types\/post"}],"author":[{"embeddable":true,"href":"https:\/\/encuentroinformativo.com.mx\/index.php?rest_route=\/wp\/v2\/users\/2476"}],"replies":[{"embeddable":true,"href":"https:\/\/encuentroinformativo.com.mx\/index.php?rest_route=%2Fwp%2Fv2%2Fcomments&post=70902"}],"version-history":[{"count":1,"href":"https:\/\/encuentroinformativo.com.mx\/index.php?rest_route=\/wp\/v2\/posts\/70902\/revisions"}],"predecessor-version":[{"id":70903,"href":"https:\/\/encuentroinformativo.com.mx\/index.php?rest_route=\/wp\/v2\/posts\/70902\/revisions\/70903"}],"wp:featuredmedia":[{"embeddable":true,"href":"https:\/\/encuentroinformativo.com.mx\/index.php?rest_route=\/wp\/v2\/media\/70900"}],"wp:attachment":[{"href":"https:\/\/encuentroinformativo.com.mx\/index.php?rest_route=%2Fwp%2Fv2%2Fmedia&parent=70902"}],"wp:term":[{"taxonomy":"category","embeddable":true,"href":"https:\/\/encuentroinformativo.com.mx\/index.php?rest_route=%2Fwp%2Fv2%2Fcategories&post=70902"},{"taxonomy":"post_tag","embeddable":true,"href":"https:\/\/encuentroinformativo.com.mx\/index.php?rest_route=%2Fwp%2Fv2%2Ftags&post=70902"}],"curies":[{"name":"wp","href":"https:\/\/api.w.org\/{rel}","templated":true}]}}