{"id":70907,"date":"2025-09-12T12:26:48","date_gmt":"2025-09-12T18:26:48","guid":{"rendered":"https:\/\/encuentroinformativo.com.mx\/?p=70907"},"modified":"2025-09-12T12:26:48","modified_gmt":"2025-09-12T18:26:48","slug":"por-descarga-electrica-fallece-trabajador-de-empresa-de-internet-en-alamo-temapache","status":"publish","type":"post","link":"https:\/\/encuentroinformativo.com.mx\/?p=70907","title":{"rendered":"Por descarga el\u00e9ctrica fallece trabajador de empresa de internet en \u00c1lamo Temapache"},"content":{"rendered":"<p><strong>Alejandro \u00c1vila<\/strong><\/p>\n<p>\u00c1lamo Temapache, Ver.- Un empleado de la empresa de internet &#8220;Manzanet&#8221; perdi\u00f3 la vida tras sufrir una descarga el\u00e9ctrica en el municipio de \u00c1lamo.<\/p>\n<p>Los hechos ocurrieron la tarde de este jueves 11 de septiembre, cuando el empleado se encontraba realizando labores de mantenimiento en un poste; de forma inesperada comenz\u00f3 a llover y esto ocasion\u00f3 que un cable de luz generaron una descarga el\u00e9ctrica que le quit\u00f3 la vida al instante.<\/p>\n<p>Testigos dieron aviso al n\u00famero de emergencias 911 y elementos de Comisi\u00f3n Federal de Electricidad (CFE), as\u00ed como param\u00e9dicos de la Cruz Roja acudieron al sitio para bajar el cuerpo.<\/p>\n<p>El joven trabajador pertenec\u00eda a la empresa de &#8220;Mazanet Fibra \u00d3ptica&#8221; y fue identificado con el nombre de Joudi Garc\u00eda Soto de 21 a\u00f1os de edad.<\/p>\n","protected":false},"excerpt":{"rendered":"<p>Alejandro \u00c1vila \u00c1lamo Temapache, Ver.- Un empleado de la empresa de internet &#8220;Manzanet&#8221; perdi\u00f3 la vida tras sufrir una descarga el\u00e9ctrica en el municipio de \u00c1lamo. Los hechos ocurrieron la tarde de este jueves 11 de septiembre, cuando el empleado se encontraba realizando labores de mantenimiento en un poste; de forma inesperada comenz\u00f3 a llover [&hellip;]<\/p>\n","protected":false},"author":2476,"featured_media":70908,"comment_status":"open","ping_status":"open","sticky":false,"template":"","format":"standard","meta":{"_jetpack_memberships_contains_paid_content":false,"footnotes":""},"categories":[14],"tags":[],"class_list":["post-70907","post","type-post","status-publish","format-standard","has-post-thumbnail","hentry","category-policiaca"],"jetpack_featured_media_url":"https:\/\/encuentroinformativo.com.mx\/wp-content\/uploads\/2025\/09\/Point-Blur_Sep122025_122454.jpg","jetpack_sharing_enabled":true,"jetpack_likes_enabled":true,"amp_enabled":true,"_links":{"self":[{"href":"https:\/\/encuentroinformativo.com.mx\/index.php?rest_route=\/wp\/v2\/posts\/70907","targetHints":{"allow":["GET"]}}],"collection":[{"href":"https:\/\/encuentroinformativo.com.mx\/index.php?rest_route=\/wp\/v2\/posts"}],"about":[{"href":"https:\/\/encuentroinformativo.com.mx\/index.php?rest_route=\/wp\/v2\/types\/post"}],"author":[{"embeddable":true,"href":"https:\/\/encuentroinformativo.com.mx\/index.php?rest_route=\/wp\/v2\/users\/2476"}],"replies":[{"embeddable":true,"href":"https:\/\/encuentroinformativo.com.mx\/index.php?rest_route=%2Fwp%2Fv2%2Fcomments&post=70907"}],"version-history":[{"count":1,"href":"https:\/\/encuentroinformativo.com.mx\/index.php?rest_route=\/wp\/v2\/posts\/70907\/revisions"}],"predecessor-version":[{"id":70909,"href":"https:\/\/encuentroinformativo.com.mx\/index.php?rest_route=\/wp\/v2\/posts\/70907\/revisions\/70909"}],"wp:featuredmedia":[{"embeddable":true,"href":"https:\/\/encuentroinformativo.com.mx\/index.php?rest_route=\/wp\/v2\/media\/70908"}],"wp:attachment":[{"href":"https:\/\/encuentroinformativo.com.mx\/index.php?rest_route=%2Fwp%2Fv2%2Fmedia&parent=70907"}],"wp:term":[{"taxonomy":"category","embeddable":true,"href":"https:\/\/encuentroinformativo.com.mx\/index.php?rest_route=%2Fwp%2Fv2%2Fcategories&post=70907"},{"taxonomy":"post_tag","embeddable":true,"href":"https:\/\/encuentroinformativo.com.mx\/index.php?rest_route=%2Fwp%2Fv2%2Ftags&post=70907"}],"curies":[{"name":"wp","href":"https:\/\/api.w.org\/{rel}","templated":true}]}}