{"id":70910,"date":"2025-09-12T12:31:58","date_gmt":"2025-09-12T18:31:58","guid":{"rendered":"https:\/\/encuentroinformativo.com.mx\/?p=70910"},"modified":"2025-09-12T12:31:58","modified_gmt":"2025-09-12T18:31:58","slug":"cantantes-veracruzanos-realizaran-concierto-de-tributo-a-los-exitos-de-los-80s","status":"publish","type":"post","link":"https:\/\/encuentroinformativo.com.mx\/?p=70910","title":{"rendered":"Cantantes veracruzanos realizar\u00e1n concierto de tributo a los \u00e9xitos de los 80&#8217;s"},"content":{"rendered":"<p><strong>Alejandro \u00c1vila<\/strong><\/p>\n<p>Veracruz, Veracruz.- Cantantes veracruzanos independientes anunciaron el espect\u00e1culo teatral musical \u201cLO JURO: El Concierto\u201d, un tributo a \u201cMentiras\u201d el Musical.<\/p>\n<p>Bajo la producci\u00f3n de Producciones Art\u00edsticas AR, dirigida por Abel Ram\u00edrez y en coproducci\u00f3n con Uriel Vital, este tributo ofrecer\u00e1 una experiencia \u00fanica, fusionando lo mejor del concierto con toques art\u00edsticos y teatrales, en un formato nunca antes visto en Veracruz.<\/p>\n<p>Se detall\u00f3 que \u201cLO JURO: El Concierto\u201d se presentar\u00e1 el viernes 19 de septiembre a las 21:00 horas en El Teatro Piano-Bar (Plaza Vela), lugar que ser\u00e1 el escenario de una noche llena de m\u00fasica, emoci\u00f3n y magia.<\/p>\n<p>\u201cEs un espect\u00e1culo Teatral &amp; Musical tributo que revive los grandes \u00e9xitos de una de las series musicales m\u00e1s ic\u00f3nicas de todos los tiempos, con los grandes \u00e9xitos de los 80s y 90s\u201d, precis\u00f3 el cantante y productor veracruzano Uriel Vital.<\/p>\n<p>Y agreg\u00f3: \u201cEs un concierto en vivo con la banda de AR Producciones. Los cinco cantantes junto con los cinco m\u00fasicos de AR Band, interpretaremos los \u00e9xitos m\u00e1s queridos de los 80s y 90s, aquellos que marcaron a toda una generaci\u00f3n, con una propuesta fresca y aut\u00e9ntica, llena de energ\u00eda y emoci\u00f3n (\u2026) Con esta nueva producci\u00f3n, los asistentes podr\u00e1n disfrutar de las canciones que se han quedado en la memoria colectiva, pero con una puesta en escena din\u00e1mica, art\u00edstica y completamente distinta a los shows previos presentados en Veracruz\u201d, comento.<\/p>\n<p>El elenco estar\u00e1 conformado por Diva Rouge, Abril Cano, Loryand Lobato, Cynthia Capistr\u00e1n y Uriel Vital, quienes dar\u00e1n vida a los momentos m\u00e1s emblem\u00e1ticos de la serie, creando una atm\u00f3sfera \u00fanica donde la m\u00fasica y la emoci\u00f3n se fusionan.<\/p>\n<p>Este espect\u00e1culo est\u00e1 dise\u00f1ado para todo p\u00fablico, destac\u00e1ndose por su alta calidad de producci\u00f3n y un enfoque innovador que ofrece algo nuevo y diferente a lo que los veracruzanos ya han experimentado. Un concierto que promete cautivar tanto a los fans de esa famosa serie musical como a quienes buscan una noche de entretenimiento fresco y vibrante.<\/p>\n","protected":false},"excerpt":{"rendered":"<p>Alejandro \u00c1vila Veracruz, Veracruz.- Cantantes veracruzanos independientes anunciaron el espect\u00e1culo teatral musical \u201cLO JURO: El Concierto\u201d, un tributo a \u201cMentiras\u201d el Musical. Bajo la producci\u00f3n de Producciones Art\u00edsticas AR, dirigida por Abel Ram\u00edrez y en coproducci\u00f3n con Uriel Vital, este tributo ofrecer\u00e1 una experiencia \u00fanica, fusionando lo mejor del concierto con toques art\u00edsticos y teatrales, [&hellip;]<\/p>\n","protected":false},"author":2476,"featured_media":70911,"comment_status":"open","ping_status":"open","sticky":false,"template":"","format":"standard","meta":{"_jetpack_memberships_contains_paid_content":false,"footnotes":""},"categories":[2],"tags":[],"class_list":["post-70910","post","type-post","status-publish","format-standard","has-post-thumbnail","hentry","category-estado"],"jetpack_featured_media_url":"https:\/\/encuentroinformativo.com.mx\/wp-content\/uploads\/2025\/09\/IMG-20250912-WA0094.jpg","jetpack_sharing_enabled":true,"jetpack_likes_enabled":true,"amp_enabled":true,"_links":{"self":[{"href":"https:\/\/encuentroinformativo.com.mx\/index.php?rest_route=\/wp\/v2\/posts\/70910","targetHints":{"allow":["GET"]}}],"collection":[{"href":"https:\/\/encuentroinformativo.com.mx\/index.php?rest_route=\/wp\/v2\/posts"}],"about":[{"href":"https:\/\/encuentroinformativo.com.mx\/index.php?rest_route=\/wp\/v2\/types\/post"}],"author":[{"embeddable":true,"href":"https:\/\/encuentroinformativo.com.mx\/index.php?rest_route=\/wp\/v2\/users\/2476"}],"replies":[{"embeddable":true,"href":"https:\/\/encuentroinformativo.com.mx\/index.php?rest_route=%2Fwp%2Fv2%2Fcomments&post=70910"}],"version-history":[{"count":1,"href":"https:\/\/encuentroinformativo.com.mx\/index.php?rest_route=\/wp\/v2\/posts\/70910\/revisions"}],"predecessor-version":[{"id":70912,"href":"https:\/\/encuentroinformativo.com.mx\/index.php?rest_route=\/wp\/v2\/posts\/70910\/revisions\/70912"}],"wp:featuredmedia":[{"embeddable":true,"href":"https:\/\/encuentroinformativo.com.mx\/index.php?rest_route=\/wp\/v2\/media\/70911"}],"wp:attachment":[{"href":"https:\/\/encuentroinformativo.com.mx\/index.php?rest_route=%2Fwp%2Fv2%2Fmedia&parent=70910"}],"wp:term":[{"taxonomy":"category","embeddable":true,"href":"https:\/\/encuentroinformativo.com.mx\/index.php?rest_route=%2Fwp%2Fv2%2Fcategories&post=70910"},{"taxonomy":"post_tag","embeddable":true,"href":"https:\/\/encuentroinformativo.com.mx\/index.php?rest_route=%2Fwp%2Fv2%2Ftags&post=70910"}],"curies":[{"name":"wp","href":"https:\/\/api.w.org\/{rel}","templated":true}]}}