{"id":70916,"date":"2025-09-12T14:29:11","date_gmt":"2025-09-12T20:29:11","guid":{"rendered":"https:\/\/encuentroinformativo.com.mx\/?p=70916"},"modified":"2025-09-12T14:29:11","modified_gmt":"2025-09-12T20:29:11","slug":"hay-comunicacion-secretaria-de-educacion-pide-no-tomar-las-instalaciones","status":"publish","type":"post","link":"https:\/\/encuentroinformativo.com.mx\/?p=70916","title":{"rendered":"&#8220;Hay comunicaci\u00f3n&#8221;, secretaria de Educaci\u00f3n pide no tomar las instalaciones"},"content":{"rendered":"<p><strong>Dar\u00edo Pale<\/strong><\/p>\n<p>Xalapa, Ver.- La Secretaria de Educaci\u00f3n de Veracruz, Claudia Tello Espinosa, dijo que sobre la toma de las instalaciones de la SEV, que ya se les hizo la solicitud de liberarla para no entorpecer el trabajo que se realiza en la dependencia.<\/p>\n<p>Consider\u00f3 que esas pr\u00e1cticas no deber\u00edan estarse llevando a cabo dado que hay apertura para escucharles y darles atenci\u00f3n incluso en fines de semana, adem\u00e1s de que no deber\u00edan perder clases y dejar a los estudiantes sin ese derecho.<\/p>\n<p>&#8220;Quienes est\u00e1n ah\u00ed yo entiendo que son supervisores y jefes de sector, primero hac\u00edan tres solicitudes, despu\u00e9s fueron siete, ahorita son como 20, entre ellas es lo de que no quieren que BBVA sea el banco al cual tengan que referirse todas las cuentas de padres de familia y maestros&#8221;, se\u00f1al\u00f3.<\/p>\n<p>Sin embargo, sostuvo que ese tema de la instituci\u00f3n bancaria no est\u00e1 en negociaci\u00f3n porque es parte de la disciplina financiera de la gobernadora Roc\u00edo Nahle Garc\u00eda.<\/p>\n<p>&#8220;Son temas de ese tipo pero los vamos a mantener en comunicaci\u00f3n. Todo lo que estamos haciendo es con toda la claridad y transparencia y si hay algo que no podemos resolver con ellos nos vamos a la Ciudad de M\u00e9xico y desde all\u00e1 nos dan la pauta&#8221;, coment\u00f3.<\/p>\n<p>Sobre la protesta de integrantes de la comunidad acad\u00e9mica y estudiantil de la Universidad del Conde para exigir la gesti\u00f3n y expedici\u00f3n de t\u00edtulos profesionales a egresados de esa instituci\u00f3n refiri\u00f3 que ser\u00e1n atendidos.<\/p>\n<p>&#8220;El subsecretario est\u00e1 en espera de que lleguen para que les d\u00e9 respuesta, ayer no pudimos atenderlos porque salimos, estuvimos en Poza Rica y la Universidad Tecnol\u00f3gica de Guti\u00e9rrez Zamora y al no estar se complic\u00f3 tantito&#8221;, inform\u00f3.<\/p>\n<p>En otro orden de ideas dijo que a\u00fan hay maestros comisionados y que no han regresado a las aulas de la secci\u00f3n 32 del Sindicato Nacional de Trabajadores de la Educaci\u00f3n (SNTE) aunque no son los \u00fanicos.<\/p>\n<p>Remarc\u00f3 que las comisiones sindicales no existen pues los docentes deben estar en las escuelas.<\/p>\n<p>Cuestionada sobre la protesta de agremiados del SNTE de la secci\u00f3n 32 que mantienen tomadas las instalaciones de la Subdirecci\u00f3n de Secundarias T\u00e9cnicas en las oficinas centrales de la SEV, expuso que hay disposici\u00f3n de atender y que el tema de las cooperativas escolares el tr\u00e1mite est\u00e1 detenido por la nueva ley al respecto que requiere reglamentaci\u00f3n.<\/p>\n<p>Sostuvo que una solicitud del SNTE es que haya maestros en todos los planteles educativos, en lo que hay consenso, pero que su dirigente nacional tambi\u00e9n se ha pronunciado porque todos los maestros deben estar en las aulas lo que no se ha cumplido.<\/p>\n<p>&#8220;Yo estoy de acuerdo, y lo dijo su dirigente, el senador, ellos no van a estar en desacuerdo en regresar a las aulas, y no nada m\u00e1s ellos, hay mucha gente que est\u00e1 haciendo otras actividades que no son las docentes por las que les pagan; es decir, las comisiones sindicales no existen, no pueden estar haciendo una comisi\u00f3n sindical cuando su labor es dentro del aula\u201d, dijo en entrevista.<\/p>\n<p>Finalmente aunque dijo que no tiene el n\u00famero de maestros que todav\u00eda est\u00e1n como comisionados de la secci\u00f3n 32 expuso que se dar\u00eda a conocer y que &#8220;s\u00ed son varios todav\u00eda&#8221;.<\/p>\n","protected":false},"excerpt":{"rendered":"<p>Dar\u00edo Pale Xalapa, Ver.- La Secretaria de Educaci\u00f3n de Veracruz, Claudia Tello Espinosa, dijo que sobre la toma de las instalaciones de la SEV, que ya se les hizo la solicitud de liberarla para no entorpecer el trabajo que se realiza en la dependencia. Consider\u00f3 que esas pr\u00e1cticas no deber\u00edan estarse llevando a cabo dado [&hellip;]<\/p>\n","protected":false},"author":2476,"featured_media":70917,"comment_status":"open","ping_status":"open","sticky":false,"template":"","format":"standard","meta":{"_jetpack_memberships_contains_paid_content":false,"footnotes":""},"categories":[2],"tags":[],"class_list":["post-70916","post","type-post","status-publish","format-standard","has-post-thumbnail","hentry","category-estado"],"jetpack_featured_media_url":"https:\/\/encuentroinformativo.com.mx\/wp-content\/uploads\/2025\/09\/IMG-20250912-WA0152.jpg","jetpack_sharing_enabled":true,"jetpack_likes_enabled":true,"amp_enabled":true,"_links":{"self":[{"href":"https:\/\/encuentroinformativo.com.mx\/index.php?rest_route=\/wp\/v2\/posts\/70916","targetHints":{"allow":["GET"]}}],"collection":[{"href":"https:\/\/encuentroinformativo.com.mx\/index.php?rest_route=\/wp\/v2\/posts"}],"about":[{"href":"https:\/\/encuentroinformativo.com.mx\/index.php?rest_route=\/wp\/v2\/types\/post"}],"author":[{"embeddable":true,"href":"https:\/\/encuentroinformativo.com.mx\/index.php?rest_route=\/wp\/v2\/users\/2476"}],"replies":[{"embeddable":true,"href":"https:\/\/encuentroinformativo.com.mx\/index.php?rest_route=%2Fwp%2Fv2%2Fcomments&post=70916"}],"version-history":[{"count":2,"href":"https:\/\/encuentroinformativo.com.mx\/index.php?rest_route=\/wp\/v2\/posts\/70916\/revisions"}],"predecessor-version":[{"id":70919,"href":"https:\/\/encuentroinformativo.com.mx\/index.php?rest_route=\/wp\/v2\/posts\/70916\/revisions\/70919"}],"wp:featuredmedia":[{"embeddable":true,"href":"https:\/\/encuentroinformativo.com.mx\/index.php?rest_route=\/wp\/v2\/media\/70917"}],"wp:attachment":[{"href":"https:\/\/encuentroinformativo.com.mx\/index.php?rest_route=%2Fwp%2Fv2%2Fmedia&parent=70916"}],"wp:term":[{"taxonomy":"category","embeddable":true,"href":"https:\/\/encuentroinformativo.com.mx\/index.php?rest_route=%2Fwp%2Fv2%2Fcategories&post=70916"},{"taxonomy":"post_tag","embeddable":true,"href":"https:\/\/encuentroinformativo.com.mx\/index.php?rest_route=%2Fwp%2Fv2%2Ftags&post=70916"}],"curies":[{"name":"wp","href":"https:\/\/api.w.org\/{rel}","templated":true}]}}