{"id":70920,"date":"2025-09-12T16:15:08","date_gmt":"2025-09-12T22:15:08","guid":{"rendered":"https:\/\/encuentroinformativo.com.mx\/?p=70920"},"modified":"2025-09-12T16:15:08","modified_gmt":"2025-09-12T22:15:08","slug":"tragico-accidente-cobra-la-vida-de-dos-personas-en-medellin-de-bravo","status":"publish","type":"post","link":"https:\/\/encuentroinformativo.com.mx\/?p=70920","title":{"rendered":"Tr\u00e1gico accidente cobra la vida de dos personas en Medell\u00edn de Bravo"},"content":{"rendered":"<p><strong>Alejandro \u00c1vila<\/strong><\/p>\n<p>Medell\u00edn de Bravo, Ver.- Un lamentable accidente ocurrido la noche de este jueves 12 de septiembre en el municipio de Medell\u00edn de Bravo cobro la vida de dos personas, quienes habr\u00edan perdido el control de su unidad presuntamente por exceso de velocidad.<\/p>\n<p>Los hechos ocurrieron en la carretera que comunica a las localidades La Esmeralda con Paso del Toro a la altura de El Copital alrededor de las 9 de la noche.<\/p>\n<p>La informaci\u00f3n recabada indica que los agraviados identificados como Enrique Celedonio Luna de 42 a\u00f1os de edad y Baldomero Tob\u00f3n Guevara de 38 salieron de la congregaci\u00f3n de La Esmeralda en un auto Seat color azul.<\/p>\n<p>Al llegar a la altura de El Copital perdieron el control y luego de salirse de la carpeta asf\u00e1ltica salieron proyectados contra un \u00e1rbol en el que se impactaron y acabaron entre la maleza.<\/p>\n<p>Uno de los ocupantes sali\u00f3 proyectado desde el interior del veh\u00edculo, mientras que el otro acab\u00f3 prensado entre los fierros retorcidos, por lo que vecinos pidieron el apoyo de las corporaciones mediante el 911.<\/p>\n<p>Socorristas de Protecci\u00f3n Civil Municipal llegaron a brindarles los primeros auxilios pero ambos fallecieron pr\u00e1cticamente al instante, mientras sus hom\u00f3logos de Cruz Roja llegaron con el equipo de rescate para sacar el cuerpo atrapado.<\/p>\n","protected":false},"excerpt":{"rendered":"<p>Alejandro \u00c1vila Medell\u00edn de Bravo, Ver.- Un lamentable accidente ocurrido la noche de este jueves 12 de septiembre en el municipio de Medell\u00edn de Bravo cobro la vida de dos personas, quienes habr\u00edan perdido el control de su unidad presuntamente por exceso de velocidad. Los hechos ocurrieron en la carretera que comunica a las localidades [&hellip;]<\/p>\n","protected":false},"author":2476,"featured_media":70921,"comment_status":"open","ping_status":"open","sticky":false,"template":"","format":"standard","meta":{"_jetpack_memberships_contains_paid_content":false,"footnotes":""},"categories":[2],"tags":[],"class_list":["post-70920","post","type-post","status-publish","format-standard","has-post-thumbnail","hentry","category-estado"],"jetpack_featured_media_url":"https:\/\/encuentroinformativo.com.mx\/wp-content\/uploads\/2025\/09\/IMG-20250912-WA0168.jpg","jetpack_sharing_enabled":true,"jetpack_likes_enabled":true,"amp_enabled":true,"_links":{"self":[{"href":"https:\/\/encuentroinformativo.com.mx\/index.php?rest_route=\/wp\/v2\/posts\/70920","targetHints":{"allow":["GET"]}}],"collection":[{"href":"https:\/\/encuentroinformativo.com.mx\/index.php?rest_route=\/wp\/v2\/posts"}],"about":[{"href":"https:\/\/encuentroinformativo.com.mx\/index.php?rest_route=\/wp\/v2\/types\/post"}],"author":[{"embeddable":true,"href":"https:\/\/encuentroinformativo.com.mx\/index.php?rest_route=\/wp\/v2\/users\/2476"}],"replies":[{"embeddable":true,"href":"https:\/\/encuentroinformativo.com.mx\/index.php?rest_route=%2Fwp%2Fv2%2Fcomments&post=70920"}],"version-history":[{"count":1,"href":"https:\/\/encuentroinformativo.com.mx\/index.php?rest_route=\/wp\/v2\/posts\/70920\/revisions"}],"predecessor-version":[{"id":70922,"href":"https:\/\/encuentroinformativo.com.mx\/index.php?rest_route=\/wp\/v2\/posts\/70920\/revisions\/70922"}],"wp:featuredmedia":[{"embeddable":true,"href":"https:\/\/encuentroinformativo.com.mx\/index.php?rest_route=\/wp\/v2\/media\/70921"}],"wp:attachment":[{"href":"https:\/\/encuentroinformativo.com.mx\/index.php?rest_route=%2Fwp%2Fv2%2Fmedia&parent=70920"}],"wp:term":[{"taxonomy":"category","embeddable":true,"href":"https:\/\/encuentroinformativo.com.mx\/index.php?rest_route=%2Fwp%2Fv2%2Fcategories&post=70920"},{"taxonomy":"post_tag","embeddable":true,"href":"https:\/\/encuentroinformativo.com.mx\/index.php?rest_route=%2Fwp%2Fv2%2Ftags&post=70920"}],"curies":[{"name":"wp","href":"https:\/\/api.w.org\/{rel}","templated":true}]}}