{"id":70923,"date":"2025-09-13T12:44:49","date_gmt":"2025-09-13T18:44:49","guid":{"rendered":"https:\/\/encuentroinformativo.com.mx\/?p=70923"},"modified":"2025-09-13T12:44:49","modified_gmt":"2025-09-13T18:44:49","slug":"fallece-jovencita-en-ado-tras-presunta-negligencia-medica-en-acayucan","status":"publish","type":"post","link":"https:\/\/encuentroinformativo.com.mx\/?p=70923","title":{"rendered":"Fallece jovencita en ADO tras presunta negligencia m\u00e9dica en Acayucan"},"content":{"rendered":"<p><strong>Alejandro \u00c1vila<\/strong><\/p>\n<p>Medell\u00edn de Bravo, Ver.- Una menor de 15 a\u00f1os de edad oriunda del municipio de Acayucan y que se trasladaba con su madre en el ADO con rumbo al puerto de Veracruz para ser atendida en la Torre Pedi\u00e1trica falleci\u00f3 dentro del autob\u00fas la madrugada de este s\u00e1bado 13 de septiembre.<\/p>\n<p>Los hechos ocurrieron en la carretera 150 D a la altura de la caseta de la localidad de Paso del Toro; la joven identificada con el nombre de Rosita, se dirig\u00eda hacia el Hospital Infantil debido a que no habr\u00eda recibido una atenci\u00f3n adecuada en el nosocomio de Acayucan.<\/p>\n<p>La madre relat\u00f3 con el Hospital de Acayucan le negaron el traslado hacia el puerto de Veracruz y, se\u00f1alaron que debido a las Fiestas Patrias el recorrido se podr\u00eda realizar hasta el pr\u00f3ximo mi\u00e9rcoles 17 de septiembre.<\/p>\n<p>Se tiene conocimiento que la joven padec\u00eda hidrocefalia y su bypass se habr\u00eda infectado, motivo por el cual su madre ante la desesperaci\u00f3n decidi\u00f3 traerla por sus propios medios a la ciudad de Veracruz.<\/p>\n<p>Al lugar arribaron elementos de la Guardia Nacional y de Capufe, adem\u00e1s de elementos de la Fiscal\u00eda General del Estado, quienes realizaron el levantamiento del cuerpo.<\/p>\n","protected":false},"excerpt":{"rendered":"<p>Alejandro \u00c1vila Medell\u00edn de Bravo, Ver.- Una menor de 15 a\u00f1os de edad oriunda del municipio de Acayucan y que se trasladaba con su madre en el ADO con rumbo al puerto de Veracruz para ser atendida en la Torre Pedi\u00e1trica falleci\u00f3 dentro del autob\u00fas la madrugada de este s\u00e1bado 13 de septiembre. Los hechos [&hellip;]<\/p>\n","protected":false},"author":2476,"featured_media":70924,"comment_status":"open","ping_status":"open","sticky":false,"template":"","format":"standard","meta":{"_jetpack_memberships_contains_paid_content":false,"footnotes":""},"categories":[2],"tags":[],"class_list":["post-70923","post","type-post","status-publish","format-standard","has-post-thumbnail","hentry","category-estado"],"jetpack_featured_media_url":"https:\/\/encuentroinformativo.com.mx\/wp-content\/uploads\/2025\/09\/IMG-20250913-WA0078.jpg","jetpack_sharing_enabled":true,"jetpack_likes_enabled":true,"amp_enabled":true,"_links":{"self":[{"href":"https:\/\/encuentroinformativo.com.mx\/index.php?rest_route=\/wp\/v2\/posts\/70923","targetHints":{"allow":["GET"]}}],"collection":[{"href":"https:\/\/encuentroinformativo.com.mx\/index.php?rest_route=\/wp\/v2\/posts"}],"about":[{"href":"https:\/\/encuentroinformativo.com.mx\/index.php?rest_route=\/wp\/v2\/types\/post"}],"author":[{"embeddable":true,"href":"https:\/\/encuentroinformativo.com.mx\/index.php?rest_route=\/wp\/v2\/users\/2476"}],"replies":[{"embeddable":true,"href":"https:\/\/encuentroinformativo.com.mx\/index.php?rest_route=%2Fwp%2Fv2%2Fcomments&post=70923"}],"version-history":[{"count":1,"href":"https:\/\/encuentroinformativo.com.mx\/index.php?rest_route=\/wp\/v2\/posts\/70923\/revisions"}],"predecessor-version":[{"id":70925,"href":"https:\/\/encuentroinformativo.com.mx\/index.php?rest_route=\/wp\/v2\/posts\/70923\/revisions\/70925"}],"wp:featuredmedia":[{"embeddable":true,"href":"https:\/\/encuentroinformativo.com.mx\/index.php?rest_route=\/wp\/v2\/media\/70924"}],"wp:attachment":[{"href":"https:\/\/encuentroinformativo.com.mx\/index.php?rest_route=%2Fwp%2Fv2%2Fmedia&parent=70923"}],"wp:term":[{"taxonomy":"category","embeddable":true,"href":"https:\/\/encuentroinformativo.com.mx\/index.php?rest_route=%2Fwp%2Fv2%2Fcategories&post=70923"},{"taxonomy":"post_tag","embeddable":true,"href":"https:\/\/encuentroinformativo.com.mx\/index.php?rest_route=%2Fwp%2Fv2%2Ftags&post=70923"}],"curies":[{"name":"wp","href":"https:\/\/api.w.org\/{rel}","templated":true}]}}