{"id":70929,"date":"2025-09-13T14:18:54","date_gmt":"2025-09-13T20:18:54","guid":{"rendered":"https:\/\/encuentroinformativo.com.mx\/?p=70929"},"modified":"2025-09-13T14:18:54","modified_gmt":"2025-09-13T20:18:54","slug":"participaria-gobernadora-en-reunion-con-docentes","status":"publish","type":"post","link":"https:\/\/encuentroinformativo.com.mx\/?p=70929","title":{"rendered":"Participar\u00eda Gobernadora en reuni\u00f3n con docentes"},"content":{"rendered":"<p><strong>Dar\u00edo Pale<\/strong><\/p>\n<p>Xalapa, Ver.- La gobernadora Norma Roc\u00edo Nahle Garc\u00eda dio a conocer que la pr\u00f3xima semana habr\u00e1 una reuni\u00f3n entre la titular de la Secretar\u00eda de Educaci\u00f3n de Veracruz Claudia Tello Espinoza y los maestros donde tratar\u00e1 de estar presente.<\/p>\n<p>Al ser cuestionada sobre la supuesta cerrazon de la titular de la SEV con el SNTE, coment\u00f3 que, \u201cno hubo ninguna cerraz\u00f3n ni nada, son pl\u00e1ticas que se dan propias entre el sindicato y la secretaria, pero muy bien, bien, la pr\u00f3xima semana tienen una mesa de trabajo, yo me voy a unir, voy a tratar de unirme a la mesa de trabajo la pr\u00f3xima semana con ellos\u201d.<\/p>\n<p>\u201cPues porque los maestros tienen sus demandas justas, y nosotros como gobierno tratar de compensar a la medida de nuestras posibilidades, pero con los maestros y las maestras de mi parte todo, todo muy bien, todo bien, vamos trabajando\u201d, se\u00f1al\u00f3.<\/p>\n<p>En otro orden de ideas en cuanto al evento de los Ni\u00f1os H\u00e9roes dijo que fue un evento significativo y el estar en un lugar (fortaleza de Perote) para conmemorar a los ni\u00f1os h\u00e9roes, es muy importante, previo al grito del 15.<\/p>\n<p>Finalmente coment\u00f3 que debe haber unidad, \u201cunidad de todo el pueblo de M\u00e9xico, esos son los valores que hoy con nuestra comandanta suprema, pues debemos todos de apoyarla, porque apoyamos a la presidenta, apoyamos al pa\u00eds, salimos adelante\u201d.<\/p>\n<p>&nbsp;<\/p>\n","protected":false},"excerpt":{"rendered":"<p>Dar\u00edo Pale Xalapa, Ver.- La gobernadora Norma Roc\u00edo Nahle Garc\u00eda dio a conocer que la pr\u00f3xima semana habr\u00e1 una reuni\u00f3n entre la titular de la Secretar\u00eda de Educaci\u00f3n de Veracruz Claudia Tello Espinoza y los maestros donde tratar\u00e1 de estar presente. Al ser cuestionada sobre la supuesta cerrazon de la titular de la SEV con [&hellip;]<\/p>\n","protected":false},"author":2476,"featured_media":70930,"comment_status":"open","ping_status":"open","sticky":false,"template":"","format":"standard","meta":{"_jetpack_memberships_contains_paid_content":false,"footnotes":""},"categories":[2],"tags":[],"class_list":["post-70929","post","type-post","status-publish","format-standard","has-post-thumbnail","hentry","category-estado"],"jetpack_featured_media_url":"https:\/\/encuentroinformativo.com.mx\/wp-content\/uploads\/2025\/09\/IMG-20250913-WA0122-scaled.jpg","jetpack_sharing_enabled":true,"jetpack_likes_enabled":true,"amp_enabled":true,"_links":{"self":[{"href":"https:\/\/encuentroinformativo.com.mx\/index.php?rest_route=\/wp\/v2\/posts\/70929","targetHints":{"allow":["GET"]}}],"collection":[{"href":"https:\/\/encuentroinformativo.com.mx\/index.php?rest_route=\/wp\/v2\/posts"}],"about":[{"href":"https:\/\/encuentroinformativo.com.mx\/index.php?rest_route=\/wp\/v2\/types\/post"}],"author":[{"embeddable":true,"href":"https:\/\/encuentroinformativo.com.mx\/index.php?rest_route=\/wp\/v2\/users\/2476"}],"replies":[{"embeddable":true,"href":"https:\/\/encuentroinformativo.com.mx\/index.php?rest_route=%2Fwp%2Fv2%2Fcomments&post=70929"}],"version-history":[{"count":1,"href":"https:\/\/encuentroinformativo.com.mx\/index.php?rest_route=\/wp\/v2\/posts\/70929\/revisions"}],"predecessor-version":[{"id":70931,"href":"https:\/\/encuentroinformativo.com.mx\/index.php?rest_route=\/wp\/v2\/posts\/70929\/revisions\/70931"}],"wp:featuredmedia":[{"embeddable":true,"href":"https:\/\/encuentroinformativo.com.mx\/index.php?rest_route=\/wp\/v2\/media\/70930"}],"wp:attachment":[{"href":"https:\/\/encuentroinformativo.com.mx\/index.php?rest_route=%2Fwp%2Fv2%2Fmedia&parent=70929"}],"wp:term":[{"taxonomy":"category","embeddable":true,"href":"https:\/\/encuentroinformativo.com.mx\/index.php?rest_route=%2Fwp%2Fv2%2Fcategories&post=70929"},{"taxonomy":"post_tag","embeddable":true,"href":"https:\/\/encuentroinformativo.com.mx\/index.php?rest_route=%2Fwp%2Fv2%2Ftags&post=70929"}],"curies":[{"name":"wp","href":"https:\/\/api.w.org\/{rel}","templated":true}]}}