{"id":70942,"date":"2025-09-14T13:42:13","date_gmt":"2025-09-14T19:42:13","guid":{"rendered":"https:\/\/encuentroinformativo.com.mx\/?p=70942"},"modified":"2025-09-14T13:42:13","modified_gmt":"2025-09-14T19:42:13","slug":"fatal-accidente-en-alvarado-deja-una-persona-fallecida-y-dos-lesionados-de-gravedad","status":"publish","type":"post","link":"https:\/\/encuentroinformativo.com.mx\/?p=70942","title":{"rendered":"Fatal accidente en Alvarado deja una persona fallecida y dos lesionados de gravedad"},"content":{"rendered":"<p><strong>Alejandro \u00c1vila<\/strong><\/p>\n<p>Alvarado, Ver.- Un fatal accidente entre dos veh\u00edculos particulares deriv\u00f3 en la muerte de un conductor y dos personas m\u00e1s lesionadas de gravedad en el municipio de Alvarado.<\/p>\n<p>Los hechos ocurrieron alrededor de las 10:30 de la ma\u00f1ana en la carretera federal 180 en el tramo de la localidad de La Piedra con rumbo a la cabecera municipal de Alvarado espec\u00edficamente a la altura de la desviaci\u00f3n de la comunidad El Bayo.<\/p>\n<p>Los involucrados son un autom\u00f3vil Volkswagen tipo Jetta color negro, del cual su conductor result\u00f3 con varias lesiones; adem\u00e1s de una camioneta gris de cabina y media, de esta unidad el conductor perdi\u00f3 la vida y la mujer que la acompa\u00f1aba result\u00f3 con heridas de gravedad.<\/p>\n<p>Al sitio acudieron param\u00e9dicos de Protecci\u00f3n Civil de Alvarado y Bomberos de Alvarado as\u00ed como Polic\u00eda Estatal para brindar auxilio en la vialidad.<\/p>\n<p>De manera extraoficial se pudo conocer que la persona fallecida se trata del tecladista oriundo de la localidad de Mandinga, Alberto Ch\u00e1vez, quien se dirig\u00eda hacia la comunidad de Salinas para ofrecer un show.<\/p>\n","protected":false},"excerpt":{"rendered":"<p>Alejandro \u00c1vila Alvarado, Ver.- Un fatal accidente entre dos veh\u00edculos particulares deriv\u00f3 en la muerte de un conductor y dos personas m\u00e1s lesionadas de gravedad en el municipio de Alvarado. Los hechos ocurrieron alrededor de las 10:30 de la ma\u00f1ana en la carretera federal 180 en el tramo de la localidad de La Piedra con [&hellip;]<\/p>\n","protected":false},"author":2476,"featured_media":70943,"comment_status":"open","ping_status":"open","sticky":false,"template":"","format":"standard","meta":{"_jetpack_memberships_contains_paid_content":false,"footnotes":""},"categories":[2],"tags":[],"class_list":["post-70942","post","type-post","status-publish","format-standard","has-post-thumbnail","hentry","category-estado"],"jetpack_featured_media_url":"https:\/\/encuentroinformativo.com.mx\/wp-content\/uploads\/2025\/09\/IMG-20250914-WA00332.jpg","jetpack_sharing_enabled":true,"jetpack_likes_enabled":true,"amp_enabled":true,"_links":{"self":[{"href":"https:\/\/encuentroinformativo.com.mx\/index.php?rest_route=\/wp\/v2\/posts\/70942","targetHints":{"allow":["GET"]}}],"collection":[{"href":"https:\/\/encuentroinformativo.com.mx\/index.php?rest_route=\/wp\/v2\/posts"}],"about":[{"href":"https:\/\/encuentroinformativo.com.mx\/index.php?rest_route=\/wp\/v2\/types\/post"}],"author":[{"embeddable":true,"href":"https:\/\/encuentroinformativo.com.mx\/index.php?rest_route=\/wp\/v2\/users\/2476"}],"replies":[{"embeddable":true,"href":"https:\/\/encuentroinformativo.com.mx\/index.php?rest_route=%2Fwp%2Fv2%2Fcomments&post=70942"}],"version-history":[{"count":1,"href":"https:\/\/encuentroinformativo.com.mx\/index.php?rest_route=\/wp\/v2\/posts\/70942\/revisions"}],"predecessor-version":[{"id":70944,"href":"https:\/\/encuentroinformativo.com.mx\/index.php?rest_route=\/wp\/v2\/posts\/70942\/revisions\/70944"}],"wp:featuredmedia":[{"embeddable":true,"href":"https:\/\/encuentroinformativo.com.mx\/index.php?rest_route=\/wp\/v2\/media\/70943"}],"wp:attachment":[{"href":"https:\/\/encuentroinformativo.com.mx\/index.php?rest_route=%2Fwp%2Fv2%2Fmedia&parent=70942"}],"wp:term":[{"taxonomy":"category","embeddable":true,"href":"https:\/\/encuentroinformativo.com.mx\/index.php?rest_route=%2Fwp%2Fv2%2Fcategories&post=70942"},{"taxonomy":"post_tag","embeddable":true,"href":"https:\/\/encuentroinformativo.com.mx\/index.php?rest_route=%2Fwp%2Fv2%2Ftags&post=70942"}],"curies":[{"name":"wp","href":"https:\/\/api.w.org\/{rel}","templated":true}]}}