{"id":70946,"date":"2025-09-15T13:00:55","date_gmt":"2025-09-15T19:00:55","guid":{"rendered":"https:\/\/encuentroinformativo.com.mx\/?p=70946"},"modified":"2025-09-15T13:00:55","modified_gmt":"2025-09-15T19:00:55","slug":"piden-ayuda-al-gobierno-para-atender-desabasto-de-agua-en-las-vigas","status":"publish","type":"post","link":"https:\/\/encuentroinformativo.com.mx\/?p=70946","title":{"rendered":"Piden ayuda al Gobierno para atender desabasto de agua en Las Vigas"},"content":{"rendered":"<p><strong>Dar\u00edo Pale<\/strong><\/p>\n<p>Xalapa Ver.- Ante el Conflicto del Agua en Las Vigas de Ram\u00edrez y la Insensatez del Gobierno Municipal, se solicita intervenci\u00f3n de la Gobernadora del Estado Norma Roc\u00edo Nahle Garc\u00eda, as\u00ed lo dieron a conocer los integrantes de la &#8220;Asamblea en Lucha por el Agua, para Todas y Todos en las Vigas de Ram\u00edrez&#8221;.<\/p>\n<p>En conferencia de prensa se\u00f1alaron que, la problem\u00e1tica del desabasto del agua potable para consumo humano, en la cabecera municipal y los barrios de Las Vigas de Ram\u00edrez, empez\u00f3 a expresarse en el 2019, se agudiz\u00f3 severamente en el 2020 en el contexto de la pandemia del COVID-19 e hizo crisis en el a\u00f1o 2024, al recibir los habitantes, si bien les iba, el servicio de una pipa de agua s\u00f3lo por tres minutos a la semana, a otros m\u00e1s ni siquiera eso les llegaba.<\/p>\n<p>Los representantes de esa organizaci\u00f3n, Zaira Marin Becerra y David Escobar Hern\u00e1ndez comentaron que, \u201cdurante dos administraciones municipales, la respuesta fue la simulaci\u00f3n, la desidia, el trato discriminatorio y la majader\u00eda hacia los habitantes, los pobladores pasamos por los ruegos, la petici\u00f3n verbal, el oficio individual, los oficios colectivos y por barrio, dirigido, tanto a la autoridad municipal como a la Comisi\u00f3n del Agua del Estado de Veracruz &#8211; Las Vigas (CAEV); la respuesta institucional fue la infaltable prepotencia; la respuesta de los vecinos, fue participar en reuniones, asambleas y organizar nuestro malestar e indignaci\u00f3n moral y decir \u00a1Basta, esto es injusto! a organizarnos como Asamblea en Lucha por el Agua, para Todas y Todos en las Vigas de Ram\u00edrez\u201d.<\/p>\n<p>Se\u00f1alaron que uno de los objetivos inmediatos fue, la regularizaci\u00f3n del abasto del agua potable m\u00ednimo indispensable para todos los habitantes de los barrios y, como objetivo fundamental y estrat\u00e9gico, la perforaci\u00f3n de un nuevo pozo profundo de agua potable en la cabecera municipal.<\/p>\n<p>Denunciaron que a tres meses de concluir el a\u00f1o 2025, se ha venido evidenciando la gran opacidad con la que se sigue manejando la autoridad municipal, Jos\u00e9 de Jes\u00fas Landa Hern\u00e1ndez.<\/p>\n<p>&#8220;Ya que, apenas el pasado 14 de marzo del presente a\u00f1o, solicitaron participar en PROAGUA 2025, por un monto global que alcanza los 5 millones 372, 700 mil pesos&#8221;.<\/p>\n<p>Informaron que la poblaci\u00f3n del municipio son alrededor de 11 mil habitantes, pero de la cabecera es donde se concentra el mayor n\u00famero, alrededor de unos 9 mil, 10 mil habitantes, entonces hacemos ese llamado de atenci\u00f3n a las autoridades, partiendo ya la propia gobernadora.<\/p>\n<p>Finalmente se\u00f1alaron que de ah\u00ed que ante las omisiones &#8220;solicitamos de la manera m\u00e1s atenta a la gobernadora del Estado, Roc\u00edo Nahle Garc\u00eda, a que gire las instrucciones necesarias para que las instancias pertinentes le den seguimiento administrativo y pol\u00edtico al cumplimiento de esta demanda sentida por los habitantes de Las Vigas de Ram\u00edrez&#8221;.<\/p>\n","protected":false},"excerpt":{"rendered":"<p>Dar\u00edo Pale Xalapa Ver.- Ante el Conflicto del Agua en Las Vigas de Ram\u00edrez y la Insensatez del Gobierno Municipal, se solicita intervenci\u00f3n de la Gobernadora del Estado Norma Roc\u00edo Nahle Garc\u00eda, as\u00ed lo dieron a conocer los integrantes de la &#8220;Asamblea en Lucha por el Agua, para Todas y Todos en las Vigas de [&hellip;]<\/p>\n","protected":false},"author":2476,"featured_media":70948,"comment_status":"open","ping_status":"open","sticky":false,"template":"","format":"standard","meta":{"_jetpack_memberships_contains_paid_content":false,"footnotes":""},"categories":[8],"tags":[],"class_list":["post-70946","post","type-post","status-publish","format-standard","has-post-thumbnail","hentry","category-region"],"jetpack_featured_media_url":"https:\/\/encuentroinformativo.com.mx\/wp-content\/uploads\/2025\/09\/IMG-20250915-WA01112.jpg","jetpack_sharing_enabled":true,"jetpack_likes_enabled":true,"amp_enabled":true,"_links":{"self":[{"href":"https:\/\/encuentroinformativo.com.mx\/index.php?rest_route=\/wp\/v2\/posts\/70946","targetHints":{"allow":["GET"]}}],"collection":[{"href":"https:\/\/encuentroinformativo.com.mx\/index.php?rest_route=\/wp\/v2\/posts"}],"about":[{"href":"https:\/\/encuentroinformativo.com.mx\/index.php?rest_route=\/wp\/v2\/types\/post"}],"author":[{"embeddable":true,"href":"https:\/\/encuentroinformativo.com.mx\/index.php?rest_route=\/wp\/v2\/users\/2476"}],"replies":[{"embeddable":true,"href":"https:\/\/encuentroinformativo.com.mx\/index.php?rest_route=%2Fwp%2Fv2%2Fcomments&post=70946"}],"version-history":[{"count":1,"href":"https:\/\/encuentroinformativo.com.mx\/index.php?rest_route=\/wp\/v2\/posts\/70946\/revisions"}],"predecessor-version":[{"id":70949,"href":"https:\/\/encuentroinformativo.com.mx\/index.php?rest_route=\/wp\/v2\/posts\/70946\/revisions\/70949"}],"wp:featuredmedia":[{"embeddable":true,"href":"https:\/\/encuentroinformativo.com.mx\/index.php?rest_route=\/wp\/v2\/media\/70948"}],"wp:attachment":[{"href":"https:\/\/encuentroinformativo.com.mx\/index.php?rest_route=%2Fwp%2Fv2%2Fmedia&parent=70946"}],"wp:term":[{"taxonomy":"category","embeddable":true,"href":"https:\/\/encuentroinformativo.com.mx\/index.php?rest_route=%2Fwp%2Fv2%2Fcategories&post=70946"},{"taxonomy":"post_tag","embeddable":true,"href":"https:\/\/encuentroinformativo.com.mx\/index.php?rest_route=%2Fwp%2Fv2%2Ftags&post=70946"}],"curies":[{"name":"wp","href":"https:\/\/api.w.org\/{rel}","templated":true}]}}