{"id":70951,"date":"2025-09-15T14:16:10","date_gmt":"2025-09-15T20:16:10","guid":{"rendered":"https:\/\/encuentroinformativo.com.mx\/?p=70951"},"modified":"2025-09-15T14:16:10","modified_gmt":"2025-09-15T20:16:10","slug":"veracruz-se-defiende-maynez-expone-presunto-fraude-electoral-en-papantla-y-poza-rica","status":"publish","type":"post","link":"https:\/\/encuentroinformativo.com.mx\/?p=70951","title":{"rendered":"&#8220;Veracruz se defiende&#8221;, M\u00e1ynez expone presunto fraude electoral en Papantla y Poza Rica"},"content":{"rendered":"<p><strong>Alejandro \u00c1vila<\/strong><\/p>\n<p>Veracruz, Ver.- El coordinador nacional de Movimiento Ciudadano, Jorge \u00c1lvarez M\u00e1ynez, present\u00f3 en sus redes sociales un mini documental que expone el presunto fraude en las elecciones de Poza Rica y Papantla.<\/p>\n<p>Este domingo 14 de septiembre el coordinador de la Fuerza Naranja en M\u00e9xico, monstr\u00f3 un video donde se documenta paso a paso el presunto robo en la elecci\u00f3n de los municipios del norte de Veracruz.<\/p>\n<p>El video con duraci\u00f3n de poco m\u00e1s de 6 minutos expone como el conteo del PREP y, posteriormente el conteo oficial del OPLE dan como vencedores a Emilio Olvera en Poza Rica, y Mariano Romero en Papantla; incluso en la propia &#8220;Ma\u00f1anera&#8221;, la presidenta Claudia Sheinbaum Pardo ratific\u00f3 los triunfos de MC.<\/p>\n<p>Movimiento Ciudadano dio a conocer que en conjunto con la ciudadan\u00eda que les favoreci\u00f3 con el voto, continuar\u00e1n con su lucha a pesar del clima de inseguridad que se vive en la zona norte de la entidad veracruzana.<\/p>\n<p>Cabe mencionar que los municipios de Cerro Azul, Coahuitl\u00e1n, Zozocolco y Coxquihui, anunciaron la cancelaci\u00f3n de sus eventos masivos por las Fiestas Patrias debido a la inseguridad que se vive; en Coxquihui recientemente se desat\u00f3 una balacera a plena luz del d\u00eda que mantuvo a ciudadanos al borde del colapso nervioso.<\/p>\n","protected":false},"excerpt":{"rendered":"<p>Alejandro \u00c1vila Veracruz, Ver.- El coordinador nacional de Movimiento Ciudadano, Jorge \u00c1lvarez M\u00e1ynez, present\u00f3 en sus redes sociales un mini documental que expone el presunto fraude en las elecciones de Poza Rica y Papantla. Este domingo 14 de septiembre el coordinador de la Fuerza Naranja en M\u00e9xico, monstr\u00f3 un video donde se documenta paso a [&hellip;]<\/p>\n","protected":false},"author":2476,"featured_media":70952,"comment_status":"open","ping_status":"open","sticky":false,"template":"","format":"standard","meta":{"_jetpack_memberships_contains_paid_content":false,"footnotes":""},"categories":[2],"tags":[],"class_list":["post-70951","post","type-post","status-publish","format-standard","has-post-thumbnail","hentry","category-estado"],"jetpack_featured_media_url":"https:\/\/encuentroinformativo.com.mx\/wp-content\/uploads\/2025\/09\/IMG-20250915-WA01702.jpg","jetpack_sharing_enabled":true,"jetpack_likes_enabled":true,"amp_enabled":true,"_links":{"self":[{"href":"https:\/\/encuentroinformativo.com.mx\/index.php?rest_route=\/wp\/v2\/posts\/70951","targetHints":{"allow":["GET"]}}],"collection":[{"href":"https:\/\/encuentroinformativo.com.mx\/index.php?rest_route=\/wp\/v2\/posts"}],"about":[{"href":"https:\/\/encuentroinformativo.com.mx\/index.php?rest_route=\/wp\/v2\/types\/post"}],"author":[{"embeddable":true,"href":"https:\/\/encuentroinformativo.com.mx\/index.php?rest_route=\/wp\/v2\/users\/2476"}],"replies":[{"embeddable":true,"href":"https:\/\/encuentroinformativo.com.mx\/index.php?rest_route=%2Fwp%2Fv2%2Fcomments&post=70951"}],"version-history":[{"count":1,"href":"https:\/\/encuentroinformativo.com.mx\/index.php?rest_route=\/wp\/v2\/posts\/70951\/revisions"}],"predecessor-version":[{"id":70953,"href":"https:\/\/encuentroinformativo.com.mx\/index.php?rest_route=\/wp\/v2\/posts\/70951\/revisions\/70953"}],"wp:featuredmedia":[{"embeddable":true,"href":"https:\/\/encuentroinformativo.com.mx\/index.php?rest_route=\/wp\/v2\/media\/70952"}],"wp:attachment":[{"href":"https:\/\/encuentroinformativo.com.mx\/index.php?rest_route=%2Fwp%2Fv2%2Fmedia&parent=70951"}],"wp:term":[{"taxonomy":"category","embeddable":true,"href":"https:\/\/encuentroinformativo.com.mx\/index.php?rest_route=%2Fwp%2Fv2%2Fcategories&post=70951"},{"taxonomy":"post_tag","embeddable":true,"href":"https:\/\/encuentroinformativo.com.mx\/index.php?rest_route=%2Fwp%2Fv2%2Ftags&post=70951"}],"curies":[{"name":"wp","href":"https:\/\/api.w.org\/{rel}","templated":true}]}}