{"id":70960,"date":"2025-09-15T14:46:57","date_gmt":"2025-09-15T20:46:57","guid":{"rendered":"https:\/\/encuentroinformativo.com.mx\/?p=70960"},"modified":"2025-09-15T14:46:57","modified_gmt":"2025-09-15T20:46:57","slug":"evade-titular-del-dif-estatal-responder-cuestionamientos-de-la-prensa","status":"publish","type":"post","link":"https:\/\/encuentroinformativo.com.mx\/?p=70960","title":{"rendered":"Evade titular del DIF Estatal responder cuestionamientos de la prensa"},"content":{"rendered":"<p><strong>Dar\u00edo Pale<\/strong><\/p>\n<p>Xalapa, Ver.- La directora general del Sistema para el Desarrollo Integral de la Familia (DIF) del Estado de Veracruz, Clara Mora Ju\u00e1rez se mostr\u00f3 reacia responder cuestionamientos de los representantes de los medios de comunicaci\u00f3n tras realizar la Guardia de Honor en el monumento al Padre de la Patria, Miguel Hidalgo y Costilla en el parque de Los Berros.<\/p>\n<p>La funcionaria estatal justific\u00f3 que ten\u00eda reuniones de trabajo, por lo que no ten\u00eda tiempo para responder.<\/p>\n<p>&#8220;Si me permiten, tengo una reuni\u00f3n&#8221;, manifest\u00f3, al tiempo que los reporteros tambi\u00e9n le ped\u00edan respeto a su labor informativa.<\/p>\n<p>Con respecto a la entrega de apoyos por parte de la dependencia de manera directa y no a trav\u00e9s de los DIF municipales, ante el presunto manejo irregular de las despensas y otros enseres, solo se limit\u00f3 a contestar que a la gobernadora le gusta hacer las cosas ella misma.<\/p>\n<p>Acerca de las presuntas irregularidades en la administraci\u00f3n estatal del ex gobernador Cuitl\u00e1huac Garc\u00eda Jim\u00e9nez, evit\u00f3 responder y se retir\u00f3 dejando en el aire los cuestionamientos de la prensa.<\/p>\n<p>&nbsp;<\/p>\n","protected":false},"excerpt":{"rendered":"<p>Dar\u00edo Pale Xalapa, Ver.- La directora general del Sistema para el Desarrollo Integral de la Familia (DIF) del Estado de Veracruz, Clara Mora Ju\u00e1rez se mostr\u00f3 reacia responder cuestionamientos de los representantes de los medios de comunicaci\u00f3n tras realizar la Guardia de Honor en el monumento al Padre de la Patria, Miguel Hidalgo y Costilla [&hellip;]<\/p>\n","protected":false},"author":2476,"featured_media":70961,"comment_status":"open","ping_status":"open","sticky":false,"template":"","format":"standard","meta":{"_jetpack_memberships_contains_paid_content":false,"footnotes":""},"categories":[2],"tags":[],"class_list":["post-70960","post","type-post","status-publish","format-standard","has-post-thumbnail","hentry","category-estado"],"jetpack_featured_media_url":"https:\/\/encuentroinformativo.com.mx\/wp-content\/uploads\/2025\/09\/IMG-20250915-WA0217.jpg","jetpack_sharing_enabled":true,"jetpack_likes_enabled":true,"amp_enabled":true,"_links":{"self":[{"href":"https:\/\/encuentroinformativo.com.mx\/index.php?rest_route=\/wp\/v2\/posts\/70960","targetHints":{"allow":["GET"]}}],"collection":[{"href":"https:\/\/encuentroinformativo.com.mx\/index.php?rest_route=\/wp\/v2\/posts"}],"about":[{"href":"https:\/\/encuentroinformativo.com.mx\/index.php?rest_route=\/wp\/v2\/types\/post"}],"author":[{"embeddable":true,"href":"https:\/\/encuentroinformativo.com.mx\/index.php?rest_route=\/wp\/v2\/users\/2476"}],"replies":[{"embeddable":true,"href":"https:\/\/encuentroinformativo.com.mx\/index.php?rest_route=%2Fwp%2Fv2%2Fcomments&post=70960"}],"version-history":[{"count":1,"href":"https:\/\/encuentroinformativo.com.mx\/index.php?rest_route=\/wp\/v2\/posts\/70960\/revisions"}],"predecessor-version":[{"id":70962,"href":"https:\/\/encuentroinformativo.com.mx\/index.php?rest_route=\/wp\/v2\/posts\/70960\/revisions\/70962"}],"wp:featuredmedia":[{"embeddable":true,"href":"https:\/\/encuentroinformativo.com.mx\/index.php?rest_route=\/wp\/v2\/media\/70961"}],"wp:attachment":[{"href":"https:\/\/encuentroinformativo.com.mx\/index.php?rest_route=%2Fwp%2Fv2%2Fmedia&parent=70960"}],"wp:term":[{"taxonomy":"category","embeddable":true,"href":"https:\/\/encuentroinformativo.com.mx\/index.php?rest_route=%2Fwp%2Fv2%2Fcategories&post=70960"},{"taxonomy":"post_tag","embeddable":true,"href":"https:\/\/encuentroinformativo.com.mx\/index.php?rest_route=%2Fwp%2Fv2%2Ftags&post=70960"}],"curies":[{"name":"wp","href":"https:\/\/api.w.org\/{rel}","templated":true}]}}