{"id":7098,"date":"2020-10-19T12:32:22","date_gmt":"2020-10-19T17:32:22","guid":{"rendered":"https:\/\/encuentroinformativo.com.mx\/?p=7098"},"modified":"2020-10-20T00:34:06","modified_gmt":"2020-10-20T05:34:06","slug":"por-negarse-a-reubicacion-adeudan-pagos-a-personal-de-salud","status":"publish","type":"post","link":"https:\/\/encuentroinformativo.com.mx\/?p=7098","title":{"rendered":"Por negarse a reubicaci\u00f3n, adeudan pagos a personal de salud"},"content":{"rendered":"\n<p><strong>Dar\u00edo Pale\u00a0<\/strong><\/p>\n\n\n\n<p>Xalapa, Ver.- La&nbsp;dentista Francisca Rubicela Hip\u00f3lito Dom\u00ednguez con antig\u00fcedad de 16 a\u00f1os se manifest\u00f3 en la Plaza Lerdo ya que desde&nbsp;el mes de mayo que no recibe su salario ni ninguna prestaci\u00f3n laboral debido a que no acepta una reubicaci\u00f3n, por lo que est\u00e1 solicitando la intervenci\u00f3n del gobernador del estado Cuitl\u00e1huac Garc\u00eda Jim\u00e9nez.&nbsp;<\/p>\n\n\n\n<p>Entrevistada durante su manifestaci\u00f3n la afectada se\u00f1al\u00f3 que ya present\u00f3 un oficio al secretario de Salud, Roberto Ramos Alor y hasta la fecha no ha obtenido una respuesta.&nbsp;<\/p>\n\n\n\n<p>H\u00e9ctor Arturo Gonz\u00e1lez Dom\u00ednguez jefe de la jurisdicci\u00f3n sanitaria n\u00famero 10 con sede en San Andr\u00e9s Tuxtla le manifest\u00f3 que no hab\u00eda de otra que ten\u00eda que aceptar la reubicacion.<\/p>\n\n\n\n<p>En ese sentido indic\u00f3 que le esta ofreciendo Suchilapa o Playa Vicente, pero&nbsp;que ella no est\u00e1 solicitando un cambio donde ha cumplido su jornada laboral, por lo que considera que se est\u00e1n violentando sus derechos laborales.<\/p>\n","protected":false},"excerpt":{"rendered":"<p>Dar\u00edo Pale\u00a0 Xalapa, Ver.- La&nbsp;dentista Francisca Rubicela Hip\u00f3lito Dom\u00ednguez con antig\u00fcedad de 16 a\u00f1os se manifest\u00f3 en la Plaza Lerdo ya que desde&nbsp;el mes de mayo que no recibe su salario ni ninguna prestaci\u00f3n laboral debido a que no acepta una reubicaci\u00f3n, por lo que est\u00e1 solicitando la intervenci\u00f3n del gobernador del estado Cuitl\u00e1huac Garc\u00eda [&hellip;]<\/p>\n","protected":false},"author":1,"featured_media":7097,"comment_status":"open","ping_status":"open","sticky":false,"template":"","format":"standard","meta":{"_jetpack_memberships_contains_paid_content":false,"footnotes":""},"categories":[9],"tags":[],"class_list":["post-7098","post","type-post","status-publish","format-standard","has-post-thumbnail","hentry","category-salud"],"jetpack_featured_media_url":"https:\/\/encuentroinformativo.com.mx\/wp-content\/uploads\/2020\/10\/BC832D6D-696E-497D-A3A9-2FD1D41DD5F5.jpeg","jetpack_sharing_enabled":true,"jetpack_likes_enabled":true,"amp_enabled":true,"_links":{"self":[{"href":"https:\/\/encuentroinformativo.com.mx\/index.php?rest_route=\/wp\/v2\/posts\/7098","targetHints":{"allow":["GET"]}}],"collection":[{"href":"https:\/\/encuentroinformativo.com.mx\/index.php?rest_route=\/wp\/v2\/posts"}],"about":[{"href":"https:\/\/encuentroinformativo.com.mx\/index.php?rest_route=\/wp\/v2\/types\/post"}],"author":[{"embeddable":true,"href":"https:\/\/encuentroinformativo.com.mx\/index.php?rest_route=\/wp\/v2\/users\/1"}],"replies":[{"embeddable":true,"href":"https:\/\/encuentroinformativo.com.mx\/index.php?rest_route=%2Fwp%2Fv2%2Fcomments&post=7098"}],"version-history":[{"count":1,"href":"https:\/\/encuentroinformativo.com.mx\/index.php?rest_route=\/wp\/v2\/posts\/7098\/revisions"}],"predecessor-version":[{"id":7099,"href":"https:\/\/encuentroinformativo.com.mx\/index.php?rest_route=\/wp\/v2\/posts\/7098\/revisions\/7099"}],"wp:featuredmedia":[{"embeddable":true,"href":"https:\/\/encuentroinformativo.com.mx\/index.php?rest_route=\/wp\/v2\/media\/7097"}],"wp:attachment":[{"href":"https:\/\/encuentroinformativo.com.mx\/index.php?rest_route=%2Fwp%2Fv2%2Fmedia&parent=7098"}],"wp:term":[{"taxonomy":"category","embeddable":true,"href":"https:\/\/encuentroinformativo.com.mx\/index.php?rest_route=%2Fwp%2Fv2%2Fcategories&post=7098"},{"taxonomy":"post_tag","embeddable":true,"href":"https:\/\/encuentroinformativo.com.mx\/index.php?rest_route=%2Fwp%2Fv2%2Ftags&post=7098"}],"curies":[{"name":"wp","href":"https:\/\/api.w.org\/{rel}","templated":true}]}}