{"id":70993,"date":"2025-09-16T11:34:10","date_gmt":"2025-09-16T17:34:10","guid":{"rendered":"https:\/\/encuentroinformativo.com.mx\/?p=70993"},"modified":"2025-09-16T11:34:10","modified_gmt":"2025-09-16T17:34:10","slug":"cinco-municipios-no-realizaron-celebracion-del-grito-de-independencia-ahued","status":"publish","type":"post","link":"https:\/\/encuentroinformativo.com.mx\/?p=70993","title":{"rendered":"Cinco municipios no realizaron celebraci\u00f3n del Grito de Independencia: Ahued"},"content":{"rendered":"<p><strong>Dar\u00edo Pale<\/strong><\/p>\n<p>Xalapa, Ver.- Finalmente fueron cinco los municipios donde no se realiz\u00f3 el Grito de Independencia, pese a que en Poza Rica hubo un peque\u00f1o conato de violencia se atendi\u00f3 y hay saldo blanco, as\u00ed lo dio a conocer el secretario de Gobierno, Ricardo Ahued Bardahuil.<\/p>\n<p>Entrevistado previo al desfile C\u00edvico-Militar por el 215 aniversario de la Independencia de M\u00e9xico se\u00f1al\u00f3 que en Poza Rica ocurri\u00f3 \u201cun peque\u00f1o conato\u201d, \u201cuna expresi\u00f3n\u201d, pero s\u00ed se celebr\u00f3 el evento patrio.<\/p>\n<p>Fueron en total cinco los municipios en donde no se llevaron a cabo las ceremonias del Grito de Independencia, pero asegur\u00f3 que en todo el Estado no hubo incidencias, por lo que hay saldo blanco.<\/p>\n<p>\u201cUno rectific\u00f3 y creo que cinco en total\u2026afortunadamente no hubo mayores incidencias, se atendi\u00f3 lo que se ten\u00eda que atender\u2026fueron Coxquihui, Cerro Azul, Coahuitl\u00e1n, Zozocolco e Ixhuatl\u00e1n del Sureste\u201d, coment\u00f3.<\/p>\n<p>Finalmente el funcionario afirm\u00f3 que los hechos ocurridos en Poza Rica se atendieron y destac\u00f3 que en varios municipios de la Entidad se llevaron a cabo desfiles conmemorativos a la Independencia de M\u00e9xico.<\/p>\n","protected":false},"excerpt":{"rendered":"<p>Dar\u00edo Pale Xalapa, Ver.- Finalmente fueron cinco los municipios donde no se realiz\u00f3 el Grito de Independencia, pese a que en Poza Rica hubo un peque\u00f1o conato de violencia se atendi\u00f3 y hay saldo blanco, as\u00ed lo dio a conocer el secretario de Gobierno, Ricardo Ahued Bardahuil. Entrevistado previo al desfile C\u00edvico-Militar por el 215 [&hellip;]<\/p>\n","protected":false},"author":2476,"featured_media":70994,"comment_status":"open","ping_status":"open","sticky":false,"template":"","format":"standard","meta":{"_jetpack_memberships_contains_paid_content":false,"footnotes":""},"categories":[2],"tags":[],"class_list":["post-70993","post","type-post","status-publish","format-standard","has-post-thumbnail","hentry","category-estado"],"jetpack_featured_media_url":"https:\/\/encuentroinformativo.com.mx\/wp-content\/uploads\/2025\/09\/IMG-20250916-WA0143.jpg","jetpack_sharing_enabled":true,"jetpack_likes_enabled":true,"amp_enabled":true,"_links":{"self":[{"href":"https:\/\/encuentroinformativo.com.mx\/index.php?rest_route=\/wp\/v2\/posts\/70993","targetHints":{"allow":["GET"]}}],"collection":[{"href":"https:\/\/encuentroinformativo.com.mx\/index.php?rest_route=\/wp\/v2\/posts"}],"about":[{"href":"https:\/\/encuentroinformativo.com.mx\/index.php?rest_route=\/wp\/v2\/types\/post"}],"author":[{"embeddable":true,"href":"https:\/\/encuentroinformativo.com.mx\/index.php?rest_route=\/wp\/v2\/users\/2476"}],"replies":[{"embeddable":true,"href":"https:\/\/encuentroinformativo.com.mx\/index.php?rest_route=%2Fwp%2Fv2%2Fcomments&post=70993"}],"version-history":[{"count":1,"href":"https:\/\/encuentroinformativo.com.mx\/index.php?rest_route=\/wp\/v2\/posts\/70993\/revisions"}],"predecessor-version":[{"id":70995,"href":"https:\/\/encuentroinformativo.com.mx\/index.php?rest_route=\/wp\/v2\/posts\/70993\/revisions\/70995"}],"wp:featuredmedia":[{"embeddable":true,"href":"https:\/\/encuentroinformativo.com.mx\/index.php?rest_route=\/wp\/v2\/media\/70994"}],"wp:attachment":[{"href":"https:\/\/encuentroinformativo.com.mx\/index.php?rest_route=%2Fwp%2Fv2%2Fmedia&parent=70993"}],"wp:term":[{"taxonomy":"category","embeddable":true,"href":"https:\/\/encuentroinformativo.com.mx\/index.php?rest_route=%2Fwp%2Fv2%2Fcategories&post=70993"},{"taxonomy":"post_tag","embeddable":true,"href":"https:\/\/encuentroinformativo.com.mx\/index.php?rest_route=%2Fwp%2Fv2%2Ftags&post=70993"}],"curies":[{"name":"wp","href":"https:\/\/api.w.org\/{rel}","templated":true}]}}