{"id":71019,"date":"2025-09-17T12:08:06","date_gmt":"2025-09-17T18:08:06","guid":{"rendered":"https:\/\/encuentroinformativo.com.mx\/?p=71019"},"modified":"2025-09-17T12:08:06","modified_gmt":"2025-09-17T18:08:06","slug":"este-miercoles-alfombra-roja-de-la-pelicula-desastre-en-familia-pelicula-dirigida-por-veracruzano","status":"publish","type":"post","link":"https:\/\/encuentroinformativo.com.mx\/?p=71019","title":{"rendered":"Este mi\u00e9rcoles alfombra roja de la pel\u00edcula &#8220;Desastre en Familia&#8221; pel\u00edcula dirigida por veracruzano"},"content":{"rendered":"<p><strong>Alejandro \u00c1vila<\/strong><\/p>\n<p>Veracruz, Ver.- Este mi\u00e9rcoles en Cin\u00e9polis Am\u00e9ricas se llevar\u00e1 a cabo la premier y alfombra roja de la pel\u00edcula \u201cDesastre en Familia\u201d, protagonizada por Itat\u00ed Cantoral, Ariel Miramontes, Karla Gayt\u00e1n y Diego Peniche.<\/p>\n<p>\u201cDesastre en Familia\u201d est\u00e1 basada en una historia original y dirigida por el veracruzano Manuel Caram\u00e9s y que se estrenar\u00e1 en todas las salas del pa\u00eds a partir del 25 de septiembre.<\/p>\n<p>\u201cDesastre en Familia\u201d es un largometraje de ficci\u00f3n\/comedia con locaciones en CDMX, Quer\u00e9taro, Durango y Toluca. La m\u00fasica es original de Jos\u00e9 Cantoral y complementan el reparto: Luz Ald\u00e1n, Harold Azuara, Ricardo Fastlicht, Mercedes Hern\u00e1ndez, entre otros.<\/p>\n<p>La Red Carpet es este mi\u00e9rcoles 17 de septiembre a las 19:00 horas y la funci\u00f3n a las 20:00 horas en Cin\u00e9p\u00f3lis Plaza Am\u00e9ricas. Y a partir del 25 de septiembre se estrena en todas las salas de M\u00e9xico.<\/p>\n<p><strong>Sinopsis<\/strong><\/p>\n<p>La familia Meza lo tiene todo\u2026 menos la f\u00f3rmula para llevarse bien. Rolando (Ariel Miramontes), Mar\u00eda (Itat\u00ed Cantoral) y sus hijos Paloma y Gabriel son expertos en discutir, pero un viaje familiar cambiar\u00e1 su historia para siempre.<\/p>\n<p>Cuando su camioneta se descompone en medio de la nada, conocen a Isaura, una mujer misteriosa que, con un toque de magia, los pondr\u00e1 a prueba y les ense\u00f1ar\u00e1 lo que realmente significa ser familia.<\/p>\n<p>Entre enredos y lecciones inesperadas, los Meza descubrir\u00e1n que la verdadera aventura es aprender a trabajar en equipo y valorar el lugar que tiene cada uno en su familia.<\/p>\n","protected":false},"excerpt":{"rendered":"<p>Alejandro \u00c1vila Veracruz, Ver.- Este mi\u00e9rcoles en Cin\u00e9polis Am\u00e9ricas se llevar\u00e1 a cabo la premier y alfombra roja de la pel\u00edcula \u201cDesastre en Familia\u201d, protagonizada por Itat\u00ed Cantoral, Ariel Miramontes, Karla Gayt\u00e1n y Diego Peniche. \u201cDesastre en Familia\u201d est\u00e1 basada en una historia original y dirigida por el veracruzano Manuel Caram\u00e9s y que se estrenar\u00e1 [&hellip;]<\/p>\n","protected":false},"author":2476,"featured_media":71020,"comment_status":"open","ping_status":"open","sticky":false,"template":"","format":"standard","meta":{"_jetpack_memberships_contains_paid_content":false,"footnotes":""},"categories":[2],"tags":[],"class_list":["post-71019","post","type-post","status-publish","format-standard","has-post-thumbnail","hentry","category-estado"],"jetpack_featured_media_url":"https:\/\/encuentroinformativo.com.mx\/wp-content\/uploads\/2025\/09\/IMG-20250917-WA01072.jpg","jetpack_sharing_enabled":true,"jetpack_likes_enabled":true,"amp_enabled":true,"_links":{"self":[{"href":"https:\/\/encuentroinformativo.com.mx\/index.php?rest_route=\/wp\/v2\/posts\/71019","targetHints":{"allow":["GET"]}}],"collection":[{"href":"https:\/\/encuentroinformativo.com.mx\/index.php?rest_route=\/wp\/v2\/posts"}],"about":[{"href":"https:\/\/encuentroinformativo.com.mx\/index.php?rest_route=\/wp\/v2\/types\/post"}],"author":[{"embeddable":true,"href":"https:\/\/encuentroinformativo.com.mx\/index.php?rest_route=\/wp\/v2\/users\/2476"}],"replies":[{"embeddable":true,"href":"https:\/\/encuentroinformativo.com.mx\/index.php?rest_route=%2Fwp%2Fv2%2Fcomments&post=71019"}],"version-history":[{"count":2,"href":"https:\/\/encuentroinformativo.com.mx\/index.php?rest_route=\/wp\/v2\/posts\/71019\/revisions"}],"predecessor-version":[{"id":71022,"href":"https:\/\/encuentroinformativo.com.mx\/index.php?rest_route=\/wp\/v2\/posts\/71019\/revisions\/71022"}],"wp:featuredmedia":[{"embeddable":true,"href":"https:\/\/encuentroinformativo.com.mx\/index.php?rest_route=\/wp\/v2\/media\/71020"}],"wp:attachment":[{"href":"https:\/\/encuentroinformativo.com.mx\/index.php?rest_route=%2Fwp%2Fv2%2Fmedia&parent=71019"}],"wp:term":[{"taxonomy":"category","embeddable":true,"href":"https:\/\/encuentroinformativo.com.mx\/index.php?rest_route=%2Fwp%2Fv2%2Fcategories&post=71019"},{"taxonomy":"post_tag","embeddable":true,"href":"https:\/\/encuentroinformativo.com.mx\/index.php?rest_route=%2Fwp%2Fv2%2Ftags&post=71019"}],"curies":[{"name":"wp","href":"https:\/\/api.w.org\/{rel}","templated":true}]}}