{"id":71026,"date":"2025-09-17T12:25:03","date_gmt":"2025-09-17T18:25:03","guid":{"rendered":"https:\/\/encuentroinformativo.com.mx\/?p=71026"},"modified":"2025-09-17T12:25:03","modified_gmt":"2025-09-17T18:25:03","slug":"nos-tiraron-ilamatlan-impugnaremos-resolucion-pt","status":"publish","type":"post","link":"https:\/\/encuentroinformativo.com.mx\/?p=71026","title":{"rendered":"&#8220;Nos tiraron Ilamatl\u00e1n&#8221;, impugnaremos resoluci\u00f3n: PT"},"content":{"rendered":"<p><strong>Dar\u00edo Pale<\/strong><\/p>\n<p>Xalapa, Ver.- El coordinador de la Comisi\u00f3n Ejecutiva Estatal del Partido del Trabajo (PT), Vicente Aguilar Aguilar inform\u00f3 que tras las resoluciones del Tribunal Electoral de Veracruz (TEV) donde les anularon el triunfo en el municipio de Ilamatl\u00e1n proceder\u00e1n a impugnar ante el Tribunal Federal Electoral (TRIFE).<\/p>\n<p>Se\u00f1al\u00f3 que, &#8220;a nosotros nos tiraron Ilamatl\u00e1n, obvio que vamos a impugnar esa decisi\u00f3n ante la Sala Regional del Tribunal Electoral del Poder Judicial de la Federaci\u00f3n&#8221;.<\/p>\n<p>Vicente Aguilar Aguilar expuso que los magistrados no determinaron lo correcto, &#8220;anula el conteo que es la base fundamental para probar un tema y en este caso anular un conteo es de revisi\u00f3n&#8221;.<\/p>\n<p>Asimismo, el dirigente dio a conocer que le dieron el triunfo a Morena y se dialogar\u00e1 con su candidata para proceder legalmente.<\/p>\n<p>Finalmente se\u00f1al\u00f3 que, &#8220;nosotros vamos a seguir impugnando temas que creemos que nos asiste la raz\u00f3n y el derecho. Vamos a revisar, a platicar con los abogados y con los compa\u00f1eros que se sientan agraviados&#8221;.<\/p>\n","protected":false},"excerpt":{"rendered":"<p>Dar\u00edo Pale Xalapa, Ver.- El coordinador de la Comisi\u00f3n Ejecutiva Estatal del Partido del Trabajo (PT), Vicente Aguilar Aguilar inform\u00f3 que tras las resoluciones del Tribunal Electoral de Veracruz (TEV) donde les anularon el triunfo en el municipio de Ilamatl\u00e1n proceder\u00e1n a impugnar ante el Tribunal Federal Electoral (TRIFE). Se\u00f1al\u00f3 que, &#8220;a nosotros nos tiraron [&hellip;]<\/p>\n","protected":false},"author":2476,"featured_media":71027,"comment_status":"open","ping_status":"open","sticky":false,"template":"","format":"standard","meta":{"_jetpack_memberships_contains_paid_content":false,"footnotes":""},"categories":[2],"tags":[],"class_list":["post-71026","post","type-post","status-publish","format-standard","has-post-thumbnail","hentry","category-estado"],"jetpack_featured_media_url":"https:\/\/encuentroinformativo.com.mx\/wp-content\/uploads\/2025\/09\/IMG-20250917-WA0102.jpg","jetpack_sharing_enabled":true,"jetpack_likes_enabled":true,"amp_enabled":true,"_links":{"self":[{"href":"https:\/\/encuentroinformativo.com.mx\/index.php?rest_route=\/wp\/v2\/posts\/71026","targetHints":{"allow":["GET"]}}],"collection":[{"href":"https:\/\/encuentroinformativo.com.mx\/index.php?rest_route=\/wp\/v2\/posts"}],"about":[{"href":"https:\/\/encuentroinformativo.com.mx\/index.php?rest_route=\/wp\/v2\/types\/post"}],"author":[{"embeddable":true,"href":"https:\/\/encuentroinformativo.com.mx\/index.php?rest_route=\/wp\/v2\/users\/2476"}],"replies":[{"embeddable":true,"href":"https:\/\/encuentroinformativo.com.mx\/index.php?rest_route=%2Fwp%2Fv2%2Fcomments&post=71026"}],"version-history":[{"count":1,"href":"https:\/\/encuentroinformativo.com.mx\/index.php?rest_route=\/wp\/v2\/posts\/71026\/revisions"}],"predecessor-version":[{"id":71028,"href":"https:\/\/encuentroinformativo.com.mx\/index.php?rest_route=\/wp\/v2\/posts\/71026\/revisions\/71028"}],"wp:featuredmedia":[{"embeddable":true,"href":"https:\/\/encuentroinformativo.com.mx\/index.php?rest_route=\/wp\/v2\/media\/71027"}],"wp:attachment":[{"href":"https:\/\/encuentroinformativo.com.mx\/index.php?rest_route=%2Fwp%2Fv2%2Fmedia&parent=71026"}],"wp:term":[{"taxonomy":"category","embeddable":true,"href":"https:\/\/encuentroinformativo.com.mx\/index.php?rest_route=%2Fwp%2Fv2%2Fcategories&post=71026"},{"taxonomy":"post_tag","embeddable":true,"href":"https:\/\/encuentroinformativo.com.mx\/index.php?rest_route=%2Fwp%2Fv2%2Ftags&post=71026"}],"curies":[{"name":"wp","href":"https:\/\/api.w.org\/{rel}","templated":true}]}}