{"id":7103,"date":"2020-10-20T10:15:04","date_gmt":"2020-10-20T15:15:04","guid":{"rendered":"https:\/\/encuentroinformativo.com.mx\/?p=7103"},"modified":"2020-10-20T10:15:07","modified_gmt":"2020-10-20T15:15:07","slug":"normalistas-demandan-entrega-de-plazas-en-la-sev","status":"publish","type":"post","link":"https:\/\/encuentroinformativo.com.mx\/?p=7103","title":{"rendered":"Normalistas demandan entrega de plazas en la SEV"},"content":{"rendered":"\n<p><strong>Juan Arcos <\/strong><\/p>\n\n\n\n<p>Xalapa, Ver.- Un grupo de egresados de escuelas normales p\u00fablicas protest\u00f3 afuera de las oficinas centrales de la Secretar\u00eda de Educaci\u00f3n de Veracruz (SEV), para que se d\u00e9 cumplimiento a la asignaci\u00f3n de plazas docentes.<\/p>\n\n\n\n<p>Se trata tambi\u00e9n de alumnos que culminaron sus estudios en preescolar, educaci\u00f3n b\u00e1sica, telesecundaria y educaci\u00f3n especial, en la Universidad Pedag\u00f3gica Nacional y en los Centros de Actualizaci\u00f3n del Magisterio.<\/p>\n\n\n\n<p>Los quejosos se plantaron afuera de la dependencia estatal, ubicada sobre la carretera federal Xalapa-Veracruz, para solicitar una audiencia con autoridades educativas.<\/p>\n\n\n\n<p>Los j\u00f3venes vest\u00edan de blanco y portaban cartulinas con el mensaje: \u201cSolicitamos lo justo, asignaci\u00f3n de plazas, cumplimos con todos los requisitos\u201d.<\/p>\n\n\n\n<p>De acuerdo con Mart\u00edn Mendoza, egresado de la licenciatura en Educaci\u00f3n F\u00edsica de la Benem\u00e9rita Escuela Normal Veracruzana (BENV) \u201cEnrique C. Rebsamen\u201d, en lista de espera est\u00e1n m\u00e1s de 360 egresados, s\u00f3lo de dicha carrera.<\/p>\n\n\n\n<p>En el caso de los docentes de preescolar, hay m\u00e1s de 500 en la primera lista de espera; sin embargo, se habla de m\u00e1s de mil docentes que iniciaron el proceso para adquirir una plaza y poder laborar.<\/p>\n\n\n\n<p>El entrevistado indic\u00f3 que los normalistas cumplieron con la entrega de papeletas y otros documentos durante los meses de febrero y marzo de este a\u00f1o.<\/p>\n\n\n\n<p>\u201cSabemos que hay muchas escuelas que todav\u00eda no cuentan con maestros aqu\u00ed en el estado de Veracruz, somos maestros preparados, con ganas de trabajar, exigimos solamente nuestro derecho, que nos hagan el primer llamado. Yo soy de Educaci\u00f3n F\u00edsica y la primer lista es de 180 y son dos listas\u201d.<\/p>\n\n\n\n<p>A\u00f1adi\u00f3 que el primer llamado debi\u00f3 realizarlo la Secretar\u00eda de Educaci\u00f3n de Veracruz (SEV), a partir de que iniciara el ciclo escolar 2020-2021.<\/p>\n\n\n\n<p>El normalista mencion\u00f3 que en otros estados de la Rep\u00fablica Mexicana ya se ha dado cumplimiento a la asignaci\u00f3n de plazas, como en Puebla, Tamaulipas y Estado de M\u00e9xico.\u00a0<br>La manifestaci\u00f3n se llevar\u00eda a cabo de manera simult\u00e1nea tambi\u00e9n en otros municipios de la entidad, como Tuxpan, C\u00f3rdoba, Poza Rica y Coatzacoalcos.<\/p>\n","protected":false},"excerpt":{"rendered":"<p>Juan Arcos Xalapa, Ver.- Un grupo de egresados de escuelas normales p\u00fablicas protest\u00f3 afuera de las oficinas centrales de la Secretar\u00eda de Educaci\u00f3n de Veracruz (SEV), para que se d\u00e9 cumplimiento a la asignaci\u00f3n de plazas docentes. Se trata tambi\u00e9n de alumnos que culminaron sus estudios en preescolar, educaci\u00f3n b\u00e1sica, telesecundaria y educaci\u00f3n especial, en [&hellip;]<\/p>\n","protected":false},"author":1,"featured_media":7104,"comment_status":"open","ping_status":"open","sticky":false,"template":"","format":"standard","meta":{"_jetpack_memberships_contains_paid_content":false,"footnotes":""},"categories":[3],"tags":[],"class_list":["post-7103","post","type-post","status-publish","format-standard","has-post-thumbnail","hentry","category-xalapa"],"jetpack_featured_media_url":"https:\/\/encuentroinformativo.com.mx\/wp-content\/uploads\/2020\/10\/CFC0BFB3-968A-4451-A66B-A756554F701B.jpeg","jetpack_sharing_enabled":true,"jetpack_likes_enabled":true,"amp_enabled":true,"_links":{"self":[{"href":"https:\/\/encuentroinformativo.com.mx\/index.php?rest_route=\/wp\/v2\/posts\/7103","targetHints":{"allow":["GET"]}}],"collection":[{"href":"https:\/\/encuentroinformativo.com.mx\/index.php?rest_route=\/wp\/v2\/posts"}],"about":[{"href":"https:\/\/encuentroinformativo.com.mx\/index.php?rest_route=\/wp\/v2\/types\/post"}],"author":[{"embeddable":true,"href":"https:\/\/encuentroinformativo.com.mx\/index.php?rest_route=\/wp\/v2\/users\/1"}],"replies":[{"embeddable":true,"href":"https:\/\/encuentroinformativo.com.mx\/index.php?rest_route=%2Fwp%2Fv2%2Fcomments&post=7103"}],"version-history":[{"count":1,"href":"https:\/\/encuentroinformativo.com.mx\/index.php?rest_route=\/wp\/v2\/posts\/7103\/revisions"}],"predecessor-version":[{"id":7105,"href":"https:\/\/encuentroinformativo.com.mx\/index.php?rest_route=\/wp\/v2\/posts\/7103\/revisions\/7105"}],"wp:featuredmedia":[{"embeddable":true,"href":"https:\/\/encuentroinformativo.com.mx\/index.php?rest_route=\/wp\/v2\/media\/7104"}],"wp:attachment":[{"href":"https:\/\/encuentroinformativo.com.mx\/index.php?rest_route=%2Fwp%2Fv2%2Fmedia&parent=7103"}],"wp:term":[{"taxonomy":"category","embeddable":true,"href":"https:\/\/encuentroinformativo.com.mx\/index.php?rest_route=%2Fwp%2Fv2%2Fcategories&post=7103"},{"taxonomy":"post_tag","embeddable":true,"href":"https:\/\/encuentroinformativo.com.mx\/index.php?rest_route=%2Fwp%2Fv2%2Ftags&post=7103"}],"curies":[{"name":"wp","href":"https:\/\/api.w.org\/{rel}","templated":true}]}}