{"id":71036,"date":"2025-09-17T14:20:23","date_gmt":"2025-09-17T20:20:23","guid":{"rendered":"https:\/\/encuentroinformativo.com.mx\/?p=71036"},"modified":"2025-09-17T14:20:23","modified_gmt":"2025-09-17T20:20:23","slug":"inconforma-al-verde-resolucion-del-tev-en-chicontepec-y-coahuitlan","status":"publish","type":"post","link":"https:\/\/encuentroinformativo.com.mx\/?p=71036","title":{"rendered":"Inconforma al Verde resoluci\u00f3n del TEV en Chicontepec y Coahuitl\u00e1n"},"content":{"rendered":"<p><strong>Alejandro \u00c1vila<\/strong><\/p>\n<p>Veracruz, Ver.- El Partido Verde Ecologista de M\u00e9xico (PVEM) rechaz\u00f3 la resoluci\u00f3n del Tribunal Electoral de Veracruz con respecto a la elecci\u00f3n realizada en el municipio de Chicontepec.<\/p>\n<p>El presidente del Verde Ecologista en Veracruz, Edgar Herrera Lendechy, se\u00f1al\u00f3 que la decisi\u00f3n fue imparcial, pues no se tom\u00f3 en cuenta la decisi\u00f3n que la ciudadan\u00eda reflej\u00f3 en las urnas; de la misma manera dijo que se pas\u00f3 por alto los hechos de violencia que sucedieron en el municipio de Coahuitl\u00e1n.<\/p>\n<p>&#8220;Estamos enterados de la resoluci\u00f3n y queremos ser muy claros, no estamos de acuerdo con lo dictaminado por una mayor\u00eda de Magistrados. En Chicontepec el pueblo se manifest\u00f3 en favor del proyecto del Verde encabezado por nuestra candidata, y esa voluntad debe de respetarse&#8221;, subray\u00f3.<\/p>\n<p>En ese sentido, dijo que el Verde Ecologista acudir\u00e1 a las instancias tribunales superiores para defender los triunfos que en un principio hab\u00edan obtenido en Chicontepec y Coahuitl\u00e1n.<\/p>\n","protected":false},"excerpt":{"rendered":"<p>Alejandro \u00c1vila Veracruz, Ver.- El Partido Verde Ecologista de M\u00e9xico (PVEM) rechaz\u00f3 la resoluci\u00f3n del Tribunal Electoral de Veracruz con respecto a la elecci\u00f3n realizada en el municipio de Chicontepec. El presidente del Verde Ecologista en Veracruz, Edgar Herrera Lendechy, se\u00f1al\u00f3 que la decisi\u00f3n fue imparcial, pues no se tom\u00f3 en cuenta la decisi\u00f3n que [&hellip;]<\/p>\n","protected":false},"author":2476,"featured_media":71037,"comment_status":"open","ping_status":"open","sticky":false,"template":"","format":"standard","meta":{"_jetpack_memberships_contains_paid_content":false,"footnotes":""},"categories":[2],"tags":[],"class_list":["post-71036","post","type-post","status-publish","format-standard","has-post-thumbnail","hentry","category-estado"],"jetpack_featured_media_url":"https:\/\/encuentroinformativo.com.mx\/wp-content\/uploads\/2025\/09\/IMG-20250917-WA01683.jpg","jetpack_sharing_enabled":true,"jetpack_likes_enabled":true,"amp_enabled":true,"_links":{"self":[{"href":"https:\/\/encuentroinformativo.com.mx\/index.php?rest_route=\/wp\/v2\/posts\/71036","targetHints":{"allow":["GET"]}}],"collection":[{"href":"https:\/\/encuentroinformativo.com.mx\/index.php?rest_route=\/wp\/v2\/posts"}],"about":[{"href":"https:\/\/encuentroinformativo.com.mx\/index.php?rest_route=\/wp\/v2\/types\/post"}],"author":[{"embeddable":true,"href":"https:\/\/encuentroinformativo.com.mx\/index.php?rest_route=\/wp\/v2\/users\/2476"}],"replies":[{"embeddable":true,"href":"https:\/\/encuentroinformativo.com.mx\/index.php?rest_route=%2Fwp%2Fv2%2Fcomments&post=71036"}],"version-history":[{"count":2,"href":"https:\/\/encuentroinformativo.com.mx\/index.php?rest_route=\/wp\/v2\/posts\/71036\/revisions"}],"predecessor-version":[{"id":71039,"href":"https:\/\/encuentroinformativo.com.mx\/index.php?rest_route=\/wp\/v2\/posts\/71036\/revisions\/71039"}],"wp:featuredmedia":[{"embeddable":true,"href":"https:\/\/encuentroinformativo.com.mx\/index.php?rest_route=\/wp\/v2\/media\/71037"}],"wp:attachment":[{"href":"https:\/\/encuentroinformativo.com.mx\/index.php?rest_route=%2Fwp%2Fv2%2Fmedia&parent=71036"}],"wp:term":[{"taxonomy":"category","embeddable":true,"href":"https:\/\/encuentroinformativo.com.mx\/index.php?rest_route=%2Fwp%2Fv2%2Fcategories&post=71036"},{"taxonomy":"post_tag","embeddable":true,"href":"https:\/\/encuentroinformativo.com.mx\/index.php?rest_route=%2Fwp%2Fv2%2Ftags&post=71036"}],"curies":[{"name":"wp","href":"https:\/\/api.w.org\/{rel}","templated":true}]}}