{"id":71040,"date":"2025-09-17T14:27:21","date_gmt":"2025-09-17T20:27:21","guid":{"rendered":"https:\/\/encuentroinformativo.com.mx\/?p=71040"},"modified":"2025-09-17T14:27:21","modified_gmt":"2025-09-17T20:27:21","slug":"se-deslinda-gomez-cazarin-de-resultados-electorales-en-poza-rica","status":"publish","type":"post","link":"https:\/\/encuentroinformativo.com.mx\/?p=71040","title":{"rendered":"Se deslinda G\u00f3mez Cazar\u00edn de resultados electorales en Poza Rica"},"content":{"rendered":"<p><strong>Dar\u00edo Pale<\/strong><\/p>\n<p>Xalapa, Ver.- El delegado de Bienestar en Veracruz Juan Javier G\u00f3mez Cazar\u00edn reviro que, si alguien us\u00f3 recursos de Bienestar para su campa\u00f1a, fue el candidato de Movimiento Ciudadano a la alcald\u00eda de Poza Rica, Emilio Olvera.<\/p>\n<p>El ex diputado local record\u00f3 que el abanderado naranja fue funcionario de Bienestar en ese municipio.<\/p>\n<p>&#8220;\u00c9l omite decir que fue delegado de Bienestar en Poza Rica. Inclusive, si hubo desv\u00edos o algo en Poza Rica, fueron a favor de \u00e9l. En la auditor\u00eda, no dejaron nada, se llevaron hasta las sillas, las tabletas de Bienestar. Si hay alguien que us\u00f3 recursos de Bienestar para hacer campa\u00f1a fue \u00e9l&#8221;, acus\u00f3.<\/p>\n<p>Juan Javier G\u00f3mez Cazar\u00edn, incluso mostr\u00f3 un mensaje que le envi\u00f3 v\u00eda WhatsApp Emilio Olvera:<\/p>\n<p>&#8220;Se\u00f1or, lament\u00f3 la situaci\u00f3n que estamos viviendo. S\u00e9 que ambos tenemos que defendernos, pero le pido que esto no se haga un asunto personal. Yo le admiro su capacidad pol\u00edtica y me hubiera gustado trabajar con usted&#8221;, coment\u00f3.<\/p>\n<p>El ex presidente de la Jucopo sostuvo que no ha intervenido en ning\u00fan proceso electoral, ni siquiera en su municipio, asegur\u00f3.<\/p>\n<p>G\u00f3mez Cazar\u00edn se\u00f1al\u00f3 que Emilio Olvera ha sido mal asesorado y que \u00e9l s\u00ed tiene padrinos electorales como lo ha declarado el emecista, &#8220;yo no soy su enemigo&#8221;, precis\u00f3.<\/p>\n<p>Sobre Sergio Gil Rull\u00e1n, Juan Javier G\u00f3mez Cazar\u00edn record\u00f3 que fue a su casa a buscarlo, &#8220;que no se le olvide&#8221;. Por ello, le exigi\u00f3 que si tiene pruebas que las presente.<\/p>\n<p>Por \u00faltimo, el delegado de Bienestar asegur\u00f3 que no es sumiso ante nadie.<\/p>\n<p>&nbsp;<\/p>\n","protected":false},"excerpt":{"rendered":"<p>Dar\u00edo Pale Xalapa, Ver.- El delegado de Bienestar en Veracruz Juan Javier G\u00f3mez Cazar\u00edn reviro que, si alguien us\u00f3 recursos de Bienestar para su campa\u00f1a, fue el candidato de Movimiento Ciudadano a la alcald\u00eda de Poza Rica, Emilio Olvera. El ex diputado local record\u00f3 que el abanderado naranja fue funcionario de Bienestar en ese municipio. [&hellip;]<\/p>\n","protected":false},"author":2476,"featured_media":71041,"comment_status":"open","ping_status":"open","sticky":false,"template":"","format":"standard","meta":{"_jetpack_memberships_contains_paid_content":false,"footnotes":""},"categories":[2],"tags":[],"class_list":["post-71040","post","type-post","status-publish","format-standard","has-post-thumbnail","hentry","category-estado"],"jetpack_featured_media_url":"https:\/\/encuentroinformativo.com.mx\/wp-content\/uploads\/2025\/09\/IMG-20250917-WA01632.jpg","jetpack_sharing_enabled":true,"jetpack_likes_enabled":true,"amp_enabled":true,"_links":{"self":[{"href":"https:\/\/encuentroinformativo.com.mx\/index.php?rest_route=\/wp\/v2\/posts\/71040","targetHints":{"allow":["GET"]}}],"collection":[{"href":"https:\/\/encuentroinformativo.com.mx\/index.php?rest_route=\/wp\/v2\/posts"}],"about":[{"href":"https:\/\/encuentroinformativo.com.mx\/index.php?rest_route=\/wp\/v2\/types\/post"}],"author":[{"embeddable":true,"href":"https:\/\/encuentroinformativo.com.mx\/index.php?rest_route=\/wp\/v2\/users\/2476"}],"replies":[{"embeddable":true,"href":"https:\/\/encuentroinformativo.com.mx\/index.php?rest_route=%2Fwp%2Fv2%2Fcomments&post=71040"}],"version-history":[{"count":1,"href":"https:\/\/encuentroinformativo.com.mx\/index.php?rest_route=\/wp\/v2\/posts\/71040\/revisions"}],"predecessor-version":[{"id":71042,"href":"https:\/\/encuentroinformativo.com.mx\/index.php?rest_route=\/wp\/v2\/posts\/71040\/revisions\/71042"}],"wp:featuredmedia":[{"embeddable":true,"href":"https:\/\/encuentroinformativo.com.mx\/index.php?rest_route=\/wp\/v2\/media\/71041"}],"wp:attachment":[{"href":"https:\/\/encuentroinformativo.com.mx\/index.php?rest_route=%2Fwp%2Fv2%2Fmedia&parent=71040"}],"wp:term":[{"taxonomy":"category","embeddable":true,"href":"https:\/\/encuentroinformativo.com.mx\/index.php?rest_route=%2Fwp%2Fv2%2Fcategories&post=71040"},{"taxonomy":"post_tag","embeddable":true,"href":"https:\/\/encuentroinformativo.com.mx\/index.php?rest_route=%2Fwp%2Fv2%2Ftags&post=71040"}],"curies":[{"name":"wp","href":"https:\/\/api.w.org\/{rel}","templated":true}]}}