{"id":71051,"date":"2025-09-18T11:10:48","date_gmt":"2025-09-18T17:10:48","guid":{"rendered":"https:\/\/encuentroinformativo.com.mx\/?p=71051"},"modified":"2025-09-18T11:10:48","modified_gmt":"2025-09-18T17:10:48","slug":"dos-muertos-y-lesionados-deja-choque-en-bulevar-de-cordoba","status":"publish","type":"post","link":"https:\/\/encuentroinformativo.com.mx\/?p=71051","title":{"rendered":"Dos muertos y lesionados deja choque en bulevar de C\u00f3rdoba"},"content":{"rendered":"<p><strong>Alejandro \u00c1vila<\/strong><\/p>\n<p>C\u00f3rdoba, Ver.- Un aparatoso choque registrado la ma\u00f1ana de este jueves 18 de septiembre dejo como saldo dos persona fallecidas y varios lesionados.<\/p>\n<p>Los hechos ocurrieron sobre el bulevar C\u00f3rdoba &#8211; Fort\u00edn a la altura de la calle 42; un autob\u00fas de pasaje n\u00famero econ\u00f3mico 174 y un veh\u00edculo particular Nissan Almera colisionaron dejando un saldo negativo, pues de la \u00faltima unidad el conductor y una acompa\u00f1ante perdieron la vida.<\/p>\n<p>Al sitio arribaron elementos de la Polic\u00eda Municipal para acordonar la zona y auxiliar con la vialidad, mientras que paramedicos de la Cruz Roja atendieron a las personas lesionadas y confirmaron el deceso del conductor del veh\u00edculo particular y una acompa\u00f1ante.<\/p>\n<p>Las v\u00edctimas fueron identificadas como Jos\u00e9 Luis y Rosa Mar\u00eda, qui\u00e9nes viajaban con su hija Elizabeth de 9 a\u00f1os de edad y quien result\u00f3 con severas lesiones.<\/p>\n","protected":false},"excerpt":{"rendered":"<p>Alejandro \u00c1vila C\u00f3rdoba, Ver.- Un aparatoso choque registrado la ma\u00f1ana de este jueves 18 de septiembre dejo como saldo dos persona fallecidas y varios lesionados. Los hechos ocurrieron sobre el bulevar C\u00f3rdoba &#8211; Fort\u00edn a la altura de la calle 42; un autob\u00fas de pasaje n\u00famero econ\u00f3mico 174 y un veh\u00edculo particular Nissan Almera colisionaron [&hellip;]<\/p>\n","protected":false},"author":2476,"featured_media":71052,"comment_status":"open","ping_status":"open","sticky":false,"template":"","format":"standard","meta":{"_jetpack_memberships_contains_paid_content":false,"footnotes":""},"categories":[2],"tags":[],"class_list":["post-71051","post","type-post","status-publish","format-standard","has-post-thumbnail","hentry","category-estado"],"jetpack_featured_media_url":"https:\/\/encuentroinformativo.com.mx\/wp-content\/uploads\/2025\/09\/IMG-20250918-WA0067.jpg","jetpack_sharing_enabled":true,"jetpack_likes_enabled":true,"amp_enabled":true,"_links":{"self":[{"href":"https:\/\/encuentroinformativo.com.mx\/index.php?rest_route=\/wp\/v2\/posts\/71051","targetHints":{"allow":["GET"]}}],"collection":[{"href":"https:\/\/encuentroinformativo.com.mx\/index.php?rest_route=\/wp\/v2\/posts"}],"about":[{"href":"https:\/\/encuentroinformativo.com.mx\/index.php?rest_route=\/wp\/v2\/types\/post"}],"author":[{"embeddable":true,"href":"https:\/\/encuentroinformativo.com.mx\/index.php?rest_route=\/wp\/v2\/users\/2476"}],"replies":[{"embeddable":true,"href":"https:\/\/encuentroinformativo.com.mx\/index.php?rest_route=%2Fwp%2Fv2%2Fcomments&post=71051"}],"version-history":[{"count":1,"href":"https:\/\/encuentroinformativo.com.mx\/index.php?rest_route=\/wp\/v2\/posts\/71051\/revisions"}],"predecessor-version":[{"id":71053,"href":"https:\/\/encuentroinformativo.com.mx\/index.php?rest_route=\/wp\/v2\/posts\/71051\/revisions\/71053"}],"wp:featuredmedia":[{"embeddable":true,"href":"https:\/\/encuentroinformativo.com.mx\/index.php?rest_route=\/wp\/v2\/media\/71052"}],"wp:attachment":[{"href":"https:\/\/encuentroinformativo.com.mx\/index.php?rest_route=%2Fwp%2Fv2%2Fmedia&parent=71051"}],"wp:term":[{"taxonomy":"category","embeddable":true,"href":"https:\/\/encuentroinformativo.com.mx\/index.php?rest_route=%2Fwp%2Fv2%2Fcategories&post=71051"},{"taxonomy":"post_tag","embeddable":true,"href":"https:\/\/encuentroinformativo.com.mx\/index.php?rest_route=%2Fwp%2Fv2%2Ftags&post=71051"}],"curies":[{"name":"wp","href":"https:\/\/api.w.org\/{rel}","templated":true}]}}