{"id":7106,"date":"2020-10-20T12:36:37","date_gmt":"2020-10-20T17:36:37","guid":{"rendered":"https:\/\/encuentroinformativo.com.mx\/?p=7106"},"modified":"2020-10-20T12:36:40","modified_gmt":"2020-10-20T17:36:40","slug":"ayuntamientos-responsables-de-apertura-de-panteones-pc","status":"publish","type":"post","link":"https:\/\/encuentroinformativo.com.mx\/?p=7106","title":{"rendered":"Ayuntamientos responsables de apertura de panteones: PC"},"content":{"rendered":"\n<p><strong>Dar\u00edo Pale <\/strong><\/p>\n\n\n\n<p>Xalapa, Ver.- La titular de la Secretar\u00eda de Protecci\u00f3n Civil del estado Guadalupe Osorno Maldonado dio a conocer que ser\u00e1n los\u00a0Ayuntamiento quienes determinen si se permite la apertura de panteones para la fiestas de Todos los Santos, peregrinaciones religiosas\u00a0 y festividades decembrinas.<\/p>\n\n\n\n<p>Entrevistada en las calles del centro de Xalapa, dijo que actualmente la entidad se encuentra en Sem\u00e1foro amarillo y en algunos municipios est\u00e1n en naranja, por lo que se permite\u00a0la realizaci\u00f3n de eventos masivos.<\/p>\n\n\n\n<p>La funcionaria estatal dijo que el gobernador Cuitlahuac Garc\u00eda Jim\u00e9nez\u00a0 le giro instrucci\u00f3n para que la dependencia a su cargo mantenga coordinaci\u00f3n con los ayuntamientos.<\/p>\n\n\n\n<p>En ese sentido mencion\u00f3 que este d\u00eda sostendr\u00e1 una reuni\u00f3n con los representantes de la Arquidiocesis de Xalapa con la finalidad de implementar los protocolos para la celebraci\u00f3n de San Rafael Guizar y Valencia.<\/p>\n\n\n\n<p>Al respecto se\u00f1al\u00f3 que se esperan el arribo de peregrinos los cuales tienen que mantener la sana distancia.<\/p>\n\n\n\n<p>&#8220;El d\u00eda de hoy se tiene una reuni\u00f3n con la Arquidiocesis para ajustar los\u00a0 protocolos de sana distancia y vamos a estar cubriendo las peregrinaciones que vienen de Teocelo y Coatepec&#8221;, finaliz\u00f3.<\/p>\n","protected":false},"excerpt":{"rendered":"<p>Dar\u00edo Pale Xalapa, Ver.- La titular de la Secretar\u00eda de Protecci\u00f3n Civil del estado Guadalupe Osorno Maldonado dio a conocer que ser\u00e1n los\u00a0Ayuntamiento quienes determinen si se permite la apertura de panteones para la fiestas de Todos los Santos, peregrinaciones religiosas\u00a0 y festividades decembrinas. Entrevistada en las calles del centro de Xalapa, dijo que actualmente [&hellip;]<\/p>\n","protected":false},"author":1,"featured_media":7107,"comment_status":"open","ping_status":"open","sticky":false,"template":"","format":"standard","meta":{"_jetpack_memberships_contains_paid_content":false,"footnotes":""},"categories":[2],"tags":[],"class_list":["post-7106","post","type-post","status-publish","format-standard","has-post-thumbnail","hentry","category-estado"],"jetpack_featured_media_url":"https:\/\/encuentroinformativo.com.mx\/wp-content\/uploads\/2020\/10\/0B7E6BEA-C0B9-429C-81F9-654317F388BB.jpeg","jetpack_sharing_enabled":true,"jetpack_likes_enabled":true,"amp_enabled":true,"_links":{"self":[{"href":"https:\/\/encuentroinformativo.com.mx\/index.php?rest_route=\/wp\/v2\/posts\/7106","targetHints":{"allow":["GET"]}}],"collection":[{"href":"https:\/\/encuentroinformativo.com.mx\/index.php?rest_route=\/wp\/v2\/posts"}],"about":[{"href":"https:\/\/encuentroinformativo.com.mx\/index.php?rest_route=\/wp\/v2\/types\/post"}],"author":[{"embeddable":true,"href":"https:\/\/encuentroinformativo.com.mx\/index.php?rest_route=\/wp\/v2\/users\/1"}],"replies":[{"embeddable":true,"href":"https:\/\/encuentroinformativo.com.mx\/index.php?rest_route=%2Fwp%2Fv2%2Fcomments&post=7106"}],"version-history":[{"count":1,"href":"https:\/\/encuentroinformativo.com.mx\/index.php?rest_route=\/wp\/v2\/posts\/7106\/revisions"}],"predecessor-version":[{"id":7108,"href":"https:\/\/encuentroinformativo.com.mx\/index.php?rest_route=\/wp\/v2\/posts\/7106\/revisions\/7108"}],"wp:featuredmedia":[{"embeddable":true,"href":"https:\/\/encuentroinformativo.com.mx\/index.php?rest_route=\/wp\/v2\/media\/7107"}],"wp:attachment":[{"href":"https:\/\/encuentroinformativo.com.mx\/index.php?rest_route=%2Fwp%2Fv2%2Fmedia&parent=7106"}],"wp:term":[{"taxonomy":"category","embeddable":true,"href":"https:\/\/encuentroinformativo.com.mx\/index.php?rest_route=%2Fwp%2Fv2%2Fcategories&post=7106"},{"taxonomy":"post_tag","embeddable":true,"href":"https:\/\/encuentroinformativo.com.mx\/index.php?rest_route=%2Fwp%2Fv2%2Ftags&post=7106"}],"curies":[{"name":"wp","href":"https:\/\/api.w.org\/{rel}","templated":true}]}}