{"id":71063,"date":"2025-09-18T14:57:14","date_gmt":"2025-09-18T20:57:14","guid":{"rendered":"https:\/\/encuentroinformativo.com.mx\/?p=71063"},"modified":"2025-09-18T14:57:14","modified_gmt":"2025-09-18T20:57:14","slug":"por-falta-de-experiencia-hay-retrasos-en-poder-judicial-abogados","status":"publish","type":"post","link":"https:\/\/encuentroinformativo.com.mx\/?p=71063","title":{"rendered":"Por falta de experiencia, hay retrasos en Poder Judicial: Abogados"},"content":{"rendered":"<p><strong>Dar\u00edo Pale<\/strong><\/p>\n<p>Xalapa, Ver.- Rub\u00e9n Hern\u00e1ndez V\u00e1zquez, presidente del Colegio del Foro de Abogados del Estado de Veracruz, manifest\u00f3 que existe un retraso considerable en muchos asuntos dentro del Poder Judicial.<\/p>\n<p>Con la llegada de los jueces y juezas electos el pasado 1 de junio en el proceso de elecci\u00f3n del Poder Judicial, se prev\u00e9 que haya atrasos en la resoluci\u00f3n de asuntos judiciales, ante la falta de experiencia, consider\u00f3 Rub\u00e9n Hern\u00e1ndez V\u00e1zquez, presidente del Colegio del Foro de Abogados del Estado de Veracruz.<\/p>\n<p>\u201cNos hemos acercado con las autoridades judiciales para que se les d\u00e9 celeridad a estos asuntos; sabemos que por el cambio de jueces muchos asuntos se van a retrasar un poco m\u00e1s\u201d, se\u00f1al\u00f3.<\/p>\n<p>El abogado dijo que este retraso se sumar\u00e1 al que ya de por s\u00ed hab\u00eda en los juzgados con anterioridad.<\/p>\n<p>\u201cEs indiscutible que muchos asuntos se van a retrasar un poco m\u00e1s porque la experiencia es necesaria para poder hacer un buen trabajo, muchos de los jueces no lo tienen, tienen que aprender un poquito, agarrar un poco de experiencia para que empiecen a trabajar a un ritmo normal\u201d, coment\u00f3.<\/p>\n<p>Hern\u00e1ndez V\u00e1zquez se\u00f1al\u00f3 que el retraso de casos es en todas las \u00e1reas, penal, civil, mercantil, no solo por el Poder Judicial del Estado, sino a consecuencia de las acciones del Poder Judicial Federal, en materia de amparo.<\/p>\n<p>Y es que, denunci\u00f3, hay juicios de amparo que actualmente est\u00e1n tardando hasta cuatro a\u00f1os en resolverse por la justicia federal, por lo que se espera que con las reformas se haga m\u00e1s r\u00e1pido el proceso.<\/p>\n<p>Asimismo, se pronunci\u00f3 por capacitaci\u00f3n a los nuevos juzgadores y juzgadoras de la entidad, toda vez que no se est\u00e1n resolviendo los asuntos con celeridad, ante suspensiones imprevistas de audiencias, lo que retrasa el procedimiento.<\/p>\n<p>Reconoci\u00f3 que muchos de los que participaron en el proceso de elecci\u00f3n de impartidores de justicia no cuentan con la experiencia judicial, algunos s\u00ed, lo que ha generado casos como renuncias por no poder llevar a cabo una audiencia.<\/p>\n<p>\u201cTienen que aprender un poquito, tienen que agarrar un poco de experiencia para que empiecen a trabajar a un ritmo normal, como lo ven\u00edan haciendo otros juzgadores\u201d, acot\u00f3.<\/p>\n<p>Sin embargo, confi\u00f3 en que haya una justicia pronta y expedita.<\/p>\n<p>El abogado dijo que el rezago existe en todas las \u00e1reas, en la v\u00eda penal, civil, mercantil, pero aclar\u00f3 que no s\u00f3lo es ocasionado por el Poder Judicial del estado, sino tambi\u00e9n por el federal.<\/p>\n<p>\u201cLos amparos directos est\u00e1n tardando hasta cuatro a\u00f1os en resolverse\u201d, se\u00f1al\u00f3 y confi\u00f3 en que con la nueva reforma judicial haya m\u00e1s celeridad en los juicios.<\/p>\n<p>El abogado manifest\u00f3 que muchos de quienes participaron por un cargo judicial no ten\u00edan experiencia como juzgadores, ni experiencia judicial, aunque otros s\u00ed las ten\u00edan como proyectistas.<\/p>\n<p>Finalmente puso como ejemplo que muchos han renunciado por desconocimiento y esto har\u00e1 que se depure el Poder Judicial.<\/p>\n","protected":false},"excerpt":{"rendered":"<p>Dar\u00edo Pale Xalapa, Ver.- Rub\u00e9n Hern\u00e1ndez V\u00e1zquez, presidente del Colegio del Foro de Abogados del Estado de Veracruz, manifest\u00f3 que existe un retraso considerable en muchos asuntos dentro del Poder Judicial. Con la llegada de los jueces y juezas electos el pasado 1 de junio en el proceso de elecci\u00f3n del Poder Judicial, se prev\u00e9 [&hellip;]<\/p>\n","protected":false},"author":2476,"featured_media":71064,"comment_status":"open","ping_status":"open","sticky":false,"template":"","format":"standard","meta":{"_jetpack_memberships_contains_paid_content":false,"footnotes":""},"categories":[2],"tags":[],"class_list":["post-71063","post","type-post","status-publish","format-standard","has-post-thumbnail","hentry","category-estado"],"jetpack_featured_media_url":"https:\/\/encuentroinformativo.com.mx\/wp-content\/uploads\/2025\/09\/IMG-20250918-WA0154.jpg","jetpack_sharing_enabled":true,"jetpack_likes_enabled":true,"amp_enabled":true,"_links":{"self":[{"href":"https:\/\/encuentroinformativo.com.mx\/index.php?rest_route=\/wp\/v2\/posts\/71063","targetHints":{"allow":["GET"]}}],"collection":[{"href":"https:\/\/encuentroinformativo.com.mx\/index.php?rest_route=\/wp\/v2\/posts"}],"about":[{"href":"https:\/\/encuentroinformativo.com.mx\/index.php?rest_route=\/wp\/v2\/types\/post"}],"author":[{"embeddable":true,"href":"https:\/\/encuentroinformativo.com.mx\/index.php?rest_route=\/wp\/v2\/users\/2476"}],"replies":[{"embeddable":true,"href":"https:\/\/encuentroinformativo.com.mx\/index.php?rest_route=%2Fwp%2Fv2%2Fcomments&post=71063"}],"version-history":[{"count":1,"href":"https:\/\/encuentroinformativo.com.mx\/index.php?rest_route=\/wp\/v2\/posts\/71063\/revisions"}],"predecessor-version":[{"id":71065,"href":"https:\/\/encuentroinformativo.com.mx\/index.php?rest_route=\/wp\/v2\/posts\/71063\/revisions\/71065"}],"wp:featuredmedia":[{"embeddable":true,"href":"https:\/\/encuentroinformativo.com.mx\/index.php?rest_route=\/wp\/v2\/media\/71064"}],"wp:attachment":[{"href":"https:\/\/encuentroinformativo.com.mx\/index.php?rest_route=%2Fwp%2Fv2%2Fmedia&parent=71063"}],"wp:term":[{"taxonomy":"category","embeddable":true,"href":"https:\/\/encuentroinformativo.com.mx\/index.php?rest_route=%2Fwp%2Fv2%2Fcategories&post=71063"},{"taxonomy":"post_tag","embeddable":true,"href":"https:\/\/encuentroinformativo.com.mx\/index.php?rest_route=%2Fwp%2Fv2%2Ftags&post=71063"}],"curies":[{"name":"wp","href":"https:\/\/api.w.org\/{rel}","templated":true}]}}