{"id":71071,"date":"2025-09-19T09:32:25","date_gmt":"2025-09-19T15:32:25","guid":{"rendered":"https:\/\/encuentroinformativo.com.mx\/?p=71071"},"modified":"2025-09-19T09:32:25","modified_gmt":"2025-09-19T15:32:25","slug":"comerciantes-de-veracruz-y-boca-del-rio-denuncian-llamadas-de-extorsion","status":"publish","type":"post","link":"https:\/\/encuentroinformativo.com.mx\/?p=71071","title":{"rendered":"Comerciantes de Veracruz y Boca del R\u00edo denuncian llamadas de extorsi\u00f3n"},"content":{"rendered":"<p><strong>Alejandro \u00c1vila<\/strong><\/p>\n<p>Veracruz, Ver.- A trav\u00e9s de grupos de WhatsApp diversos comerciantes de los municipios de Veracruz y Boca del R\u00edo han denunciado llamadas telef\u00f3nicas donde les exigen un pago \u00fanico para obtener protecci\u00f3n por parte de un grupo delictivo.<\/p>\n<p>Los denunciantes se\u00f1alaron que fueron contactados por el n\u00famero de tel\u00e9fono 2203 220249, donde el sujeto que se comunica con ellos les informa que han tenido una reuni\u00f3n con la gobernadora de Veracruz y su secretario de Gobierno para mantener las cosas en paz en la entidad.<\/p>\n<p>Por lo cual necesitan llevar un registro de los comercios, por lo que el due\u00f1o debe dar todos los datos del negocio, al tiempo que hacer un pago \u00fanico de 30 mil pesos para obtener la protecci\u00f3n presuntamente del Cartel de Jalisco Nueva Generaci\u00f3n (CGNJ).<\/p>\n<p>Los comerciantes de ambos municipios hacen un llamado a la gobernadora, Roc\u00edo Nahle Garc\u00eda, para que investigue esta situaci\u00f3n, pues si bien estos sucesos se dan continuamente en municipios de la zona norte y sur de la entidad, en el puerto de Veracruz no han llegado a esos extremos.<\/p>\n","protected":false},"excerpt":{"rendered":"<p>Alejandro \u00c1vila Veracruz, Ver.- A trav\u00e9s de grupos de WhatsApp diversos comerciantes de los municipios de Veracruz y Boca del R\u00edo han denunciado llamadas telef\u00f3nicas donde les exigen un pago \u00fanico para obtener protecci\u00f3n por parte de un grupo delictivo. Los denunciantes se\u00f1alaron que fueron contactados por el n\u00famero de tel\u00e9fono 2203 220249, donde el [&hellip;]<\/p>\n","protected":false},"author":2476,"featured_media":71072,"comment_status":"open","ping_status":"open","sticky":false,"template":"","format":"standard","meta":{"_jetpack_memberships_contains_paid_content":false,"footnotes":""},"categories":[2],"tags":[],"class_list":["post-71071","post","type-post","status-publish","format-standard","has-post-thumbnail","hentry","category-estado"],"jetpack_featured_media_url":"https:\/\/encuentroinformativo.com.mx\/wp-content\/uploads\/2025\/09\/IMG-20250919-WA0029.jpg","jetpack_sharing_enabled":true,"jetpack_likes_enabled":true,"amp_enabled":true,"_links":{"self":[{"href":"https:\/\/encuentroinformativo.com.mx\/index.php?rest_route=\/wp\/v2\/posts\/71071","targetHints":{"allow":["GET"]}}],"collection":[{"href":"https:\/\/encuentroinformativo.com.mx\/index.php?rest_route=\/wp\/v2\/posts"}],"about":[{"href":"https:\/\/encuentroinformativo.com.mx\/index.php?rest_route=\/wp\/v2\/types\/post"}],"author":[{"embeddable":true,"href":"https:\/\/encuentroinformativo.com.mx\/index.php?rest_route=\/wp\/v2\/users\/2476"}],"replies":[{"embeddable":true,"href":"https:\/\/encuentroinformativo.com.mx\/index.php?rest_route=%2Fwp%2Fv2%2Fcomments&post=71071"}],"version-history":[{"count":1,"href":"https:\/\/encuentroinformativo.com.mx\/index.php?rest_route=\/wp\/v2\/posts\/71071\/revisions"}],"predecessor-version":[{"id":71073,"href":"https:\/\/encuentroinformativo.com.mx\/index.php?rest_route=\/wp\/v2\/posts\/71071\/revisions\/71073"}],"wp:featuredmedia":[{"embeddable":true,"href":"https:\/\/encuentroinformativo.com.mx\/index.php?rest_route=\/wp\/v2\/media\/71072"}],"wp:attachment":[{"href":"https:\/\/encuentroinformativo.com.mx\/index.php?rest_route=%2Fwp%2Fv2%2Fmedia&parent=71071"}],"wp:term":[{"taxonomy":"category","embeddable":true,"href":"https:\/\/encuentroinformativo.com.mx\/index.php?rest_route=%2Fwp%2Fv2%2Fcategories&post=71071"},{"taxonomy":"post_tag","embeddable":true,"href":"https:\/\/encuentroinformativo.com.mx\/index.php?rest_route=%2Fwp%2Fv2%2Ftags&post=71071"}],"curies":[{"name":"wp","href":"https:\/\/api.w.org\/{rel}","templated":true}]}}