{"id":71074,"date":"2025-09-19T09:37:11","date_gmt":"2025-09-19T15:37:11","guid":{"rendered":"https:\/\/encuentroinformativo.com.mx\/?p=71074"},"modified":"2025-09-19T09:37:11","modified_gmt":"2025-09-19T15:37:11","slug":"persona-de-la-tercera-edad-muere-calcinado-en-tihuatlan","status":"publish","type":"post","link":"https:\/\/encuentroinformativo.com.mx\/?p=71074","title":{"rendered":"Persona de la tercera edad muere calcinado en Tihuatl\u00e1n"},"content":{"rendered":"<p><strong>Alejandro \u00c1vila<\/strong><\/p>\n<p>Tihuatl\u00e1n, Ver.- Una persona de la tercera edad perdi\u00f3 la vida a la madrugada de este viernes 19 de septiembre tras incendiarse su vivienda.<\/p>\n<p>El sujeto fue identificado como Pablo Casta\u00f1eda de aproximadamente a 85 a\u00f1os de edad, mismo que dorm\u00eda cuando presuntamente un cortocircuito inici\u00f3 las llamas en su vivienda la cual qued\u00f3 reducida a cenizas.<\/p>\n<p>A la colonia El Rastro de la cabecera municipal del municipio de Tihuatl\u00e1n llegaron elementos de Protecci\u00f3n Civil cerca de las 4 de la madrugada para intentar apagar las llamas, sin embargo, cuando el siniestro fue controlado nada pudieron hacer para salvarle la vida al due\u00f1o de la vivienda.<\/p>\n<p>Vecinos lamentaron la muerte de don Pablo, a qui\u00e9n recuerdan como una persona atenta, trabajadora y dispuesto a ayudar a la comunidad.<\/p>\n","protected":false},"excerpt":{"rendered":"<p>Alejandro \u00c1vila Tihuatl\u00e1n, Ver.- Una persona de la tercera edad perdi\u00f3 la vida a la madrugada de este viernes 19 de septiembre tras incendiarse su vivienda. El sujeto fue identificado como Pablo Casta\u00f1eda de aproximadamente a 85 a\u00f1os de edad, mismo que dorm\u00eda cuando presuntamente un cortocircuito inici\u00f3 las llamas en su vivienda la cual [&hellip;]<\/p>\n","protected":false},"author":2476,"featured_media":71075,"comment_status":"open","ping_status":"open","sticky":false,"template":"","format":"standard","meta":{"_jetpack_memberships_contains_paid_content":false,"footnotes":""},"categories":[14],"tags":[],"class_list":["post-71074","post","type-post","status-publish","format-standard","has-post-thumbnail","hentry","category-policiaca"],"jetpack_featured_media_url":"https:\/\/encuentroinformativo.com.mx\/wp-content\/uploads\/2025\/09\/IMG-20250919-WA0039.jpg","jetpack_sharing_enabled":true,"jetpack_likes_enabled":true,"amp_enabled":true,"_links":{"self":[{"href":"https:\/\/encuentroinformativo.com.mx\/index.php?rest_route=\/wp\/v2\/posts\/71074","targetHints":{"allow":["GET"]}}],"collection":[{"href":"https:\/\/encuentroinformativo.com.mx\/index.php?rest_route=\/wp\/v2\/posts"}],"about":[{"href":"https:\/\/encuentroinformativo.com.mx\/index.php?rest_route=\/wp\/v2\/types\/post"}],"author":[{"embeddable":true,"href":"https:\/\/encuentroinformativo.com.mx\/index.php?rest_route=\/wp\/v2\/users\/2476"}],"replies":[{"embeddable":true,"href":"https:\/\/encuentroinformativo.com.mx\/index.php?rest_route=%2Fwp%2Fv2%2Fcomments&post=71074"}],"version-history":[{"count":1,"href":"https:\/\/encuentroinformativo.com.mx\/index.php?rest_route=\/wp\/v2\/posts\/71074\/revisions"}],"predecessor-version":[{"id":71076,"href":"https:\/\/encuentroinformativo.com.mx\/index.php?rest_route=\/wp\/v2\/posts\/71074\/revisions\/71076"}],"wp:featuredmedia":[{"embeddable":true,"href":"https:\/\/encuentroinformativo.com.mx\/index.php?rest_route=\/wp\/v2\/media\/71075"}],"wp:attachment":[{"href":"https:\/\/encuentroinformativo.com.mx\/index.php?rest_route=%2Fwp%2Fv2%2Fmedia&parent=71074"}],"wp:term":[{"taxonomy":"category","embeddable":true,"href":"https:\/\/encuentroinformativo.com.mx\/index.php?rest_route=%2Fwp%2Fv2%2Fcategories&post=71074"},{"taxonomy":"post_tag","embeddable":true,"href":"https:\/\/encuentroinformativo.com.mx\/index.php?rest_route=%2Fwp%2Fv2%2Ftags&post=71074"}],"curies":[{"name":"wp","href":"https:\/\/api.w.org\/{rel}","templated":true}]}}