{"id":71083,"date":"2025-09-19T11:15:21","date_gmt":"2025-09-19T17:15:21","guid":{"rendered":"https:\/\/encuentroinformativo.com.mx\/?p=71083"},"modified":"2025-09-19T11:15:21","modified_gmt":"2025-09-19T17:15:21","slug":"solicita-sergio-gil-auditar-delegacion-de-bienestar-en-veracruz","status":"publish","type":"post","link":"https:\/\/encuentroinformativo.com.mx\/?p=71083","title":{"rendered":"Solicita Sergio Gil auditar delegaci\u00f3n de Bienestar en Veracruz\u00a0"},"content":{"rendered":"<p><strong>Alejandro \u00c1vila<\/strong><\/p>\n<p>Veracruz, Ver.- El diputado federal de Movimiento Ciudadano, Sergio Gil Rull\u00e1n asegur\u00f3 que, buscar\u00e1n dialogar con Ariadna Montiel Reyes y David Rogelio Colmenares P\u00e1ramo, titulares de la Secretar\u00eda de Bienestar y la Auditor\u00eda Superior de la Federaci\u00f3n, respectivamente, para que analicen la labor que realiza el delegado en Veracruz, Juan Javier G\u00f3mez Cazar\u00edn.<\/p>\n<p>El legislador veracruzano mencion\u00f3 que el delegado de Bienestar habr\u00eda presuntamente coaccionado conciencias en los municipios de Papantla y Poza Rica para que la ciudadan\u00eda votar\u00e1 en favor de los candidatos de Morena utilizando los programas sociales federales.<\/p>\n<p>&#8220;Delegado yo siempre hablo de frente, la \u00faltima vez que usted y yo nos vimos, usted era diputado y hoy se est\u00e1 convirtiendo en un delincuente electoral, expl\u00edqueme porque estaban en Poza Rica el \u00faltimo d\u00eda del fin de semana de la campa\u00f1a, porque tuvieron que estar ah\u00ed cuando hab\u00eda veda electoral. Acaso est\u00e1n utilizando los recursos p\u00fablicos los recursos de los programas, los que son para los ni\u00f1os, mujeres, los adultos mayores, las escuelas de manera electorera. Pues eso lo vamos a saber muy pronto porque le acabo de solicitar a la Auditor\u00eda Superior de la Federaci\u00f3n una auditor\u00eda, y es mi responsabilidad como diputado federal ver que los recursos federales s\u00ed se han aplicados en la gente y no en su partido y no de electoreros&#8221;, sentenci\u00f3 en video mostrado a trav\u00e9s de sus redes sociales.<\/p>\n<p>En ese sentido, Sergio Gil aclar\u00f3 a Juan Javier G\u00f3mez Cazar\u00edn que su jefe directo no es la gobernadora de Veracruz, sino el pueblo de Veracruz y el pueblo de M\u00e9xico.<\/p>\n","protected":false},"excerpt":{"rendered":"<p>Alejandro \u00c1vila Veracruz, Ver.- El diputado federal de Movimiento Ciudadano, Sergio Gil Rull\u00e1n asegur\u00f3 que, buscar\u00e1n dialogar con Ariadna Montiel Reyes y David Rogelio Colmenares P\u00e1ramo, titulares de la Secretar\u00eda de Bienestar y la Auditor\u00eda Superior de la Federaci\u00f3n, respectivamente, para que analicen la labor que realiza el delegado en Veracruz, Juan Javier G\u00f3mez Cazar\u00edn. [&hellip;]<\/p>\n","protected":false},"author":2476,"featured_media":71085,"comment_status":"open","ping_status":"open","sticky":false,"template":"","format":"standard","meta":{"_jetpack_memberships_contains_paid_content":false,"footnotes":""},"categories":[2],"tags":[],"class_list":["post-71083","post","type-post","status-publish","format-standard","has-post-thumbnail","hentry","category-estado"],"jetpack_featured_media_url":"https:\/\/encuentroinformativo.com.mx\/wp-content\/uploads\/2025\/09\/IMG-20250919-WA00952.jpg","jetpack_sharing_enabled":true,"jetpack_likes_enabled":true,"amp_enabled":true,"_links":{"self":[{"href":"https:\/\/encuentroinformativo.com.mx\/index.php?rest_route=\/wp\/v2\/posts\/71083","targetHints":{"allow":["GET"]}}],"collection":[{"href":"https:\/\/encuentroinformativo.com.mx\/index.php?rest_route=\/wp\/v2\/posts"}],"about":[{"href":"https:\/\/encuentroinformativo.com.mx\/index.php?rest_route=\/wp\/v2\/types\/post"}],"author":[{"embeddable":true,"href":"https:\/\/encuentroinformativo.com.mx\/index.php?rest_route=\/wp\/v2\/users\/2476"}],"replies":[{"embeddable":true,"href":"https:\/\/encuentroinformativo.com.mx\/index.php?rest_route=%2Fwp%2Fv2%2Fcomments&post=71083"}],"version-history":[{"count":1,"href":"https:\/\/encuentroinformativo.com.mx\/index.php?rest_route=\/wp\/v2\/posts\/71083\/revisions"}],"predecessor-version":[{"id":71086,"href":"https:\/\/encuentroinformativo.com.mx\/index.php?rest_route=\/wp\/v2\/posts\/71083\/revisions\/71086"}],"wp:featuredmedia":[{"embeddable":true,"href":"https:\/\/encuentroinformativo.com.mx\/index.php?rest_route=\/wp\/v2\/media\/71085"}],"wp:attachment":[{"href":"https:\/\/encuentroinformativo.com.mx\/index.php?rest_route=%2Fwp%2Fv2%2Fmedia&parent=71083"}],"wp:term":[{"taxonomy":"category","embeddable":true,"href":"https:\/\/encuentroinformativo.com.mx\/index.php?rest_route=%2Fwp%2Fv2%2Fcategories&post=71083"},{"taxonomy":"post_tag","embeddable":true,"href":"https:\/\/encuentroinformativo.com.mx\/index.php?rest_route=%2Fwp%2Fv2%2Ftags&post=71083"}],"curies":[{"name":"wp","href":"https:\/\/api.w.org\/{rel}","templated":true}]}}