{"id":71087,"date":"2025-09-19T11:36:14","date_gmt":"2025-09-19T17:36:14","guid":{"rendered":"https:\/\/encuentroinformativo.com.mx\/?p=71087"},"modified":"2025-09-19T11:36:14","modified_gmt":"2025-09-19T17:36:14","slug":"confirma-gobernadora-veracruz-es-lugar-17-a-nivel-nacional-de-inseguridad","status":"publish","type":"post","link":"https:\/\/encuentroinformativo.com.mx\/?p=71087","title":{"rendered":"Confirma gobernadora Veracruz es lugar 17 a nivel nacional de inseguridad"},"content":{"rendered":"<p><strong>Alejandro \u00c1vila<\/strong><\/p>\n<p>Boca del R\u00edo, Ver.- La gobernadora, Roc\u00edo Nahle Garc\u00eda mencion\u00f3 que, el estado de Veracruz se encuentra en el lugar 17 a nivel nacional en cuanto a inseguridad.<\/p>\n<p>Invitada especial en el evento de la Secretar\u00eda de la Defensa Nacional (SEDENA) en su sede de &#8220;La Boticaria&#8221; del municipio de Boca del R\u00edo; la ejecutiva estatal mencion\u00f3 que este jueves 18 de septiembre sostuvo una reuni\u00f3n con la presidenta de M\u00e9xico, Claudia Sheinbaum Pardo y los altos mandos del Ejercito, Marina y Guardia Nacional, quieres le brindaron a detalle la informaci\u00f3n de los delitos en Veracruz.<\/p>\n<p>&#8220;Vimos los \u00edndices, ocupamos el lugar 27 de los 32 en cuento a feminicidios, que en eso hemos trabajado mucho; ocupamos dentro de la ciudades o municipio o los estados, por cada cien mil habitantes estamos en un lugar 17 de inseguridad quisiera yo estar en el 32; y los homicidios dolosos que eso es lo que nos preocupa, tenemos homicidios dolosos por ri\u00f1as, un porcentaje alto de tipo pasional tambi\u00e9n que me reportan y narcomenudeo&#8221;, expres\u00f3.<\/p>\n<p>En ese sentido, la gobernadora de Veracruz dijo que el proceso electoral ya culmin\u00f3, por lo cual toda acto que inmiscuya a alcaldes electos o ex candidatos, nada tiene que ver con temas partidistas o electorales.<\/p>\n","protected":false},"excerpt":{"rendered":"<p>Alejandro \u00c1vila Boca del R\u00edo, Ver.- La gobernadora, Roc\u00edo Nahle Garc\u00eda mencion\u00f3 que, el estado de Veracruz se encuentra en el lugar 17 a nivel nacional en cuanto a inseguridad. Invitada especial en el evento de la Secretar\u00eda de la Defensa Nacional (SEDENA) en su sede de &#8220;La Boticaria&#8221; del municipio de Boca del R\u00edo; [&hellip;]<\/p>\n","protected":false},"author":2476,"featured_media":71088,"comment_status":"open","ping_status":"open","sticky":false,"template":"","format":"standard","meta":{"_jetpack_memberships_contains_paid_content":false,"footnotes":""},"categories":[2],"tags":[],"class_list":["post-71087","post","type-post","status-publish","format-standard","has-post-thumbnail","hentry","category-estado"],"jetpack_featured_media_url":"https:\/\/encuentroinformativo.com.mx\/wp-content\/uploads\/2025\/09\/IMG-20250919-WA0088.jpg","jetpack_sharing_enabled":true,"jetpack_likes_enabled":true,"amp_enabled":true,"_links":{"self":[{"href":"https:\/\/encuentroinformativo.com.mx\/index.php?rest_route=\/wp\/v2\/posts\/71087","targetHints":{"allow":["GET"]}}],"collection":[{"href":"https:\/\/encuentroinformativo.com.mx\/index.php?rest_route=\/wp\/v2\/posts"}],"about":[{"href":"https:\/\/encuentroinformativo.com.mx\/index.php?rest_route=\/wp\/v2\/types\/post"}],"author":[{"embeddable":true,"href":"https:\/\/encuentroinformativo.com.mx\/index.php?rest_route=\/wp\/v2\/users\/2476"}],"replies":[{"embeddable":true,"href":"https:\/\/encuentroinformativo.com.mx\/index.php?rest_route=%2Fwp%2Fv2%2Fcomments&post=71087"}],"version-history":[{"count":1,"href":"https:\/\/encuentroinformativo.com.mx\/index.php?rest_route=\/wp\/v2\/posts\/71087\/revisions"}],"predecessor-version":[{"id":71089,"href":"https:\/\/encuentroinformativo.com.mx\/index.php?rest_route=\/wp\/v2\/posts\/71087\/revisions\/71089"}],"wp:featuredmedia":[{"embeddable":true,"href":"https:\/\/encuentroinformativo.com.mx\/index.php?rest_route=\/wp\/v2\/media\/71088"}],"wp:attachment":[{"href":"https:\/\/encuentroinformativo.com.mx\/index.php?rest_route=%2Fwp%2Fv2%2Fmedia&parent=71087"}],"wp:term":[{"taxonomy":"category","embeddable":true,"href":"https:\/\/encuentroinformativo.com.mx\/index.php?rest_route=%2Fwp%2Fv2%2Fcategories&post=71087"},{"taxonomy":"post_tag","embeddable":true,"href":"https:\/\/encuentroinformativo.com.mx\/index.php?rest_route=%2Fwp%2Fv2%2Ftags&post=71087"}],"curies":[{"name":"wp","href":"https:\/\/api.w.org\/{rel}","templated":true}]}}