{"id":71108,"date":"2025-09-20T14:47:12","date_gmt":"2025-09-20T20:47:12","guid":{"rendered":"https:\/\/encuentroinformativo.com.mx\/?p=71108"},"modified":"2025-09-20T14:47:12","modified_gmt":"2025-09-20T20:47:12","slug":"ayuntamiento-clausura-tienda-elektra-en-alvarado","status":"publish","type":"post","link":"https:\/\/encuentroinformativo.com.mx\/?p=71108","title":{"rendered":"Ayuntamiento clausura tienda Elektra en Alvarado"},"content":{"rendered":"<p><strong>Alejandro \u00c1vila<\/strong><\/p>\n<p>Alvarado, Ver.- Debido a fallas en la estructura de los inmuebles donde se encuentran instalados Banco Azteca y Elektra en el municipio de Alvarado y, tras los diversos requerimientos del Ayuntamiento que han sido pasados por alto por el personal administrativo, elementos de Protecci\u00f3n Civil clausuraron parcialmente las mencionadas empresas.<\/p>\n<p>Este viernes 19 de septiembre la empresa perteneciente a Grupo Salinas cubri\u00f3 la falta administrativa en la Tesorer\u00eda del Ayuntamiento de Alvarado, por lo cual le fueron retirados los sellos; sin embargo, se le puntualiz\u00f3 que antes de finalizar el mes debe de entregar el An\u00e1lisis Estructural que le fue solicitado en fechas pasadas, de lo contrario se har\u00e1 una clausura total de sus labores.<\/p>\n<p>&#8220;Se tomaron medidas, acciones preventivas ya que el recinto cuenta con una afectaci\u00f3n en su estructura, por lo tanto no es id\u00f3neo que opere en su m\u00e1xima capacidad, van a trabajar solamente el servicio financiero, el tema de pagos y dem\u00e1s, el tema de muebles y servicio va a ser en otra tienda que tienen de manera provisional. Esto es con apego a la normativa de la Ley Federal de Protecci\u00f3n Civil&#8221;, dio a conocer Daniel Eduardo Romero Pilar, titular de PC de Alvarado.<\/p>\n<p>El inmueble que estar\u00e1 fuera de operaciones de manera parcial se encuentra ubicado sobre la calle Juan Soto, por lo cual queda totalmente habilitado para todo tipo de tr\u00e1mites el que se localiza sobre la calle Mariano Matamoros, en la cabecera municipal de Alvarado.<\/p>\n","protected":false},"excerpt":{"rendered":"<p>Alejandro \u00c1vila Alvarado, Ver.- Debido a fallas en la estructura de los inmuebles donde se encuentran instalados Banco Azteca y Elektra en el municipio de Alvarado y, tras los diversos requerimientos del Ayuntamiento que han sido pasados por alto por el personal administrativo, elementos de Protecci\u00f3n Civil clausuraron parcialmente las mencionadas empresas. Este viernes 19 [&hellip;]<\/p>\n","protected":false},"author":2476,"featured_media":71109,"comment_status":"open","ping_status":"open","sticky":false,"template":"","format":"standard","meta":{"_jetpack_memberships_contains_paid_content":false,"footnotes":""},"categories":[2],"tags":[],"class_list":["post-71108","post","type-post","status-publish","format-standard","has-post-thumbnail","hentry","category-estado"],"jetpack_featured_media_url":"https:\/\/encuentroinformativo.com.mx\/wp-content\/uploads\/2025\/09\/IMG-20250920-WA0174.jpg","jetpack_sharing_enabled":true,"jetpack_likes_enabled":true,"amp_enabled":true,"_links":{"self":[{"href":"https:\/\/encuentroinformativo.com.mx\/index.php?rest_route=\/wp\/v2\/posts\/71108","targetHints":{"allow":["GET"]}}],"collection":[{"href":"https:\/\/encuentroinformativo.com.mx\/index.php?rest_route=\/wp\/v2\/posts"}],"about":[{"href":"https:\/\/encuentroinformativo.com.mx\/index.php?rest_route=\/wp\/v2\/types\/post"}],"author":[{"embeddable":true,"href":"https:\/\/encuentroinformativo.com.mx\/index.php?rest_route=\/wp\/v2\/users\/2476"}],"replies":[{"embeddable":true,"href":"https:\/\/encuentroinformativo.com.mx\/index.php?rest_route=%2Fwp%2Fv2%2Fcomments&post=71108"}],"version-history":[{"count":1,"href":"https:\/\/encuentroinformativo.com.mx\/index.php?rest_route=\/wp\/v2\/posts\/71108\/revisions"}],"predecessor-version":[{"id":71110,"href":"https:\/\/encuentroinformativo.com.mx\/index.php?rest_route=\/wp\/v2\/posts\/71108\/revisions\/71110"}],"wp:featuredmedia":[{"embeddable":true,"href":"https:\/\/encuentroinformativo.com.mx\/index.php?rest_route=\/wp\/v2\/media\/71109"}],"wp:attachment":[{"href":"https:\/\/encuentroinformativo.com.mx\/index.php?rest_route=%2Fwp%2Fv2%2Fmedia&parent=71108"}],"wp:term":[{"taxonomy":"category","embeddable":true,"href":"https:\/\/encuentroinformativo.com.mx\/index.php?rest_route=%2Fwp%2Fv2%2Fcategories&post=71108"},{"taxonomy":"post_tag","embeddable":true,"href":"https:\/\/encuentroinformativo.com.mx\/index.php?rest_route=%2Fwp%2Fv2%2Ftags&post=71108"}],"curies":[{"name":"wp","href":"https:\/\/api.w.org\/{rel}","templated":true}]}}