{"id":71115,"date":"2025-09-20T14:59:08","date_gmt":"2025-09-20T20:59:08","guid":{"rendered":"https:\/\/encuentroinformativo.com.mx\/?p=71115"},"modified":"2025-09-20T14:59:08","modified_gmt":"2025-09-20T20:59:08","slug":"ayuntamiento-de-medellin-rescata-a-mas-de-60-animales-del-refugio-la-roca","status":"publish","type":"post","link":"https:\/\/encuentroinformativo.com.mx\/?p=71115","title":{"rendered":"Ayuntamiento de Medell\u00edn rescata a m\u00e1s de 60 animales del refugio La Roca"},"content":{"rendered":"<p><strong>Alejandro \u00c1vila<\/strong><\/p>\n<p>Medell\u00edn de Bravo, Ver.- Un operativo encabezado por el Ayuntamiento de Medell\u00edn de Bravo, en coordinaci\u00f3n con la asociaci\u00f3n civil &#8220;Huellas de Esperanza y Amor&#8221;, m\u00e9dicos veterinarios y voluntarios, permiti\u00f3 el rescate de decenas de perros y gatos que se encontraban en condiciones insalubres y de grave riesgo dentro del refugio &#8220;La Roca&#8221;.<\/p>\n<p>Durante la intervenci\u00f3n se localizaron 48 perros y 15 gatos con vida, la mayor\u00eda en estado cr\u00edtico, as\u00ed como 3 perros y 2 gatos sin vida. El lugar, descrito como totalmente infectado, no era apto para mantener a los animales, por lo que se determin\u00f3 su desalojo inmediato.<\/p>\n<p>Todos los sobrevivientes fueron trasladados a distintas cl\u00ednicas veterinarias para recibir atenci\u00f3n m\u00e9dica de urgencia.<\/p>\n<p>El Ayuntamiento aclar\u00f3 que el predio donde se ubica el refugio sigue siendo propiedad del Gobierno del Estado de Veracruz, por lo que \u00fanicamente la gobernadora tiene facultad de disposici\u00f3n.<\/p>\n<p>Pedro, quien fung\u00eda como encargado del lugar, asegur\u00f3 que los recursos econ\u00f3micos nunca llegaban al refugio y acus\u00f3 a Sergio Cortina, responsable del espacio, de no acudir al lugar y de mantenerle adeudos por varias quincenas. Indic\u00f3 que aunque se cuentan con donaciones de alimento, no existe dinero para costear atenci\u00f3n m\u00e9dica veterinaria.<\/p>\n<p>El alcalde de Medell\u00edn Marcos Isle\u00f1o hizo un llamado a la poblaci\u00f3n a ser responsables al momento de realizar donaciones, verificando que los apoyos lleguen efectivamente a los animales y no se desv\u00eden. Asimismo, subray\u00f3 que \u00fanicamente se respaldar\u00e1 a fundaciones serias, sin fines de lucro y con compromiso real hacia la vida animal.<\/p>\n<p>Finalmente, se destac\u00f3 el trabajo de Huellas de Esperanza y Amor, organizaci\u00f3n civil que con esfuerzo y entrega ha encabezado la defensa de los animales en la regi\u00f3n.<\/p>\n<p>Autoridades advirtieron que las im\u00e1genes compartidas del operativo son fuertes pero necesarias, pues muestran la crudeza de la situaci\u00f3n: los animales rescatados en estado cr\u00edtico, aquellos que no sobrevivieron y el momento de su salida del refugio.<\/p>\n<p><img loading=\"lazy\" decoding=\"async\" class=\"aligncenter size-medium wp-image-71117\" src=\"https:\/\/encuentroinformativo.com.mx\/wp-content\/uploads\/2025\/09\/IMG-20250920-WA01992-300x297.jpg\" alt=\"\" width=\"300\" height=\"297\" srcset=\"https:\/\/encuentroinformativo.com.mx\/wp-content\/uploads\/2025\/09\/IMG-20250920-WA01992-300x297.jpg 300w, https:\/\/encuentroinformativo.com.mx\/wp-content\/uploads\/2025\/09\/IMG-20250920-WA01992-1024x1015.jpg 1024w, https:\/\/encuentroinformativo.com.mx\/wp-content\/uploads\/2025\/09\/IMG-20250920-WA01992-150x150.jpg 150w, https:\/\/encuentroinformativo.com.mx\/wp-content\/uploads\/2025\/09\/IMG-20250920-WA01992-768x761.jpg 768w, https:\/\/encuentroinformativo.com.mx\/wp-content\/uploads\/2025\/09\/IMG-20250920-WA01992.jpg 1200w\" sizes=\"auto, (max-width: 300px) 100vw, 300px\" \/><\/p>\n","protected":false},"excerpt":{"rendered":"<p>Alejandro \u00c1vila Medell\u00edn de Bravo, Ver.- Un operativo encabezado por el Ayuntamiento de Medell\u00edn de Bravo, en coordinaci\u00f3n con la asociaci\u00f3n civil &#8220;Huellas de Esperanza y Amor&#8221;, m\u00e9dicos veterinarios y voluntarios, permiti\u00f3 el rescate de decenas de perros y gatos que se encontraban en condiciones insalubres y de grave riesgo dentro del refugio &#8220;La Roca&#8221;. [&hellip;]<\/p>\n","protected":false},"author":2476,"featured_media":71116,"comment_status":"open","ping_status":"open","sticky":false,"template":"","format":"standard","meta":{"_jetpack_memberships_contains_paid_content":false,"footnotes":""},"categories":[2],"tags":[],"class_list":["post-71115","post","type-post","status-publish","format-standard","has-post-thumbnail","hentry","category-estado"],"jetpack_featured_media_url":"https:\/\/encuentroinformativo.com.mx\/wp-content\/uploads\/2025\/09\/IMG-20250920-WA02012.jpg","jetpack_sharing_enabled":true,"jetpack_likes_enabled":true,"amp_enabled":true,"_links":{"self":[{"href":"https:\/\/encuentroinformativo.com.mx\/index.php?rest_route=\/wp\/v2\/posts\/71115","targetHints":{"allow":["GET"]}}],"collection":[{"href":"https:\/\/encuentroinformativo.com.mx\/index.php?rest_route=\/wp\/v2\/posts"}],"about":[{"href":"https:\/\/encuentroinformativo.com.mx\/index.php?rest_route=\/wp\/v2\/types\/post"}],"author":[{"embeddable":true,"href":"https:\/\/encuentroinformativo.com.mx\/index.php?rest_route=\/wp\/v2\/users\/2476"}],"replies":[{"embeddable":true,"href":"https:\/\/encuentroinformativo.com.mx\/index.php?rest_route=%2Fwp%2Fv2%2Fcomments&post=71115"}],"version-history":[{"count":1,"href":"https:\/\/encuentroinformativo.com.mx\/index.php?rest_route=\/wp\/v2\/posts\/71115\/revisions"}],"predecessor-version":[{"id":71118,"href":"https:\/\/encuentroinformativo.com.mx\/index.php?rest_route=\/wp\/v2\/posts\/71115\/revisions\/71118"}],"wp:featuredmedia":[{"embeddable":true,"href":"https:\/\/encuentroinformativo.com.mx\/index.php?rest_route=\/wp\/v2\/media\/71116"}],"wp:attachment":[{"href":"https:\/\/encuentroinformativo.com.mx\/index.php?rest_route=%2Fwp%2Fv2%2Fmedia&parent=71115"}],"wp:term":[{"taxonomy":"category","embeddable":true,"href":"https:\/\/encuentroinformativo.com.mx\/index.php?rest_route=%2Fwp%2Fv2%2Fcategories&post=71115"},{"taxonomy":"post_tag","embeddable":true,"href":"https:\/\/encuentroinformativo.com.mx\/index.php?rest_route=%2Fwp%2Fv2%2Ftags&post=71115"}],"curies":[{"name":"wp","href":"https:\/\/api.w.org\/{rel}","templated":true}]}}