{"id":71122,"date":"2025-09-20T18:55:59","date_gmt":"2025-09-21T00:55:59","guid":{"rendered":"https:\/\/encuentroinformativo.com.mx\/?p=71122"},"modified":"2025-09-20T18:55:59","modified_gmt":"2025-09-21T00:55:59","slug":"pobladores-denuncian-tala-de-arboles-en-zona-de-cascada-la-monja","status":"publish","type":"post","link":"https:\/\/encuentroinformativo.com.mx\/?p=71122","title":{"rendered":"Pobladores denuncian tala de \u00e1rboles en zona de cascada &#8220;La Monja&#8221;"},"content":{"rendered":"<p><strong>Dar\u00edo Pale<\/strong><\/p>\n<p>Xalapa, Ver.- Denuncian que la cascada de \u201cLa Monja\u201d, ha sido v\u00edctima de la tala de \u00e1rboles, ciudadanos y corredores que frecuentan el lugar han compartido fotograf\u00edas y videos en redes sociales que muestran la magnitud del da\u00f1o.<\/p>\n<p>La tala afecta directamente la captaci\u00f3n de agua y la conservaci\u00f3n de los suelos, lo que podr\u00eda tener un impacto severo en el ecosistema de la regi\u00f3n.<\/p>\n<p>La cascada de La Monja, un atractivo tur\u00edstico natural ubicado en el municipio de Xico, en los l\u00edmites con Teocelo, lamentablemente en la actualidad enfrenta un grave problema de deterioro ambiental debido a la tala de \u00e1rboles que ha sido documentada en los \u00faltimos d\u00edas.<\/p>\n<p>La p\u00e9rdida de vegetaci\u00f3n favorece la erosi\u00f3n y pone en riesgo la fauna que habita en los alrededores, los habitantes y visitantes est\u00e1n preocupados por el da\u00f1o ambiental y econ\u00f3mico que esto podr\u00eda causar, ya que la cascada y sus alrededores forman parte de un circuito tur\u00edstico que conecta a Xico y Teocelo.<\/p>\n<p>Los denunciantes piden la intervenci\u00f3n inmediata de las autoridades, incluyendo el ayuntamiento de Xico, el municipio de Teocelo y la Procuradur\u00eda Estatal de Protecci\u00f3n al Medio Ambiente (PMA), para que se investigue el origen y los responsables de la deforestaci\u00f3n.<\/p>\n<p>Hasta ahora, no se ha emitido un comunicado oficial que aclare si existe alg\u00fan permiso para el derribo de \u00e1rboles.<\/p>\n<p>Por \u00faltimo cabe se\u00f1alar que la comunidad local y colectivos ambientalistas han comenzado a organizar acciones de denuncia p\u00fablica y de presi\u00f3n hacia las instituciones para que se tomen medidas concretas para proteger el patrimonio natural de la regi\u00f3n.<\/p>\n","protected":false},"excerpt":{"rendered":"<p>Dar\u00edo Pale Xalapa, Ver.- Denuncian que la cascada de \u201cLa Monja\u201d, ha sido v\u00edctima de la tala de \u00e1rboles, ciudadanos y corredores que frecuentan el lugar han compartido fotograf\u00edas y videos en redes sociales que muestran la magnitud del da\u00f1o. La tala afecta directamente la captaci\u00f3n de agua y la conservaci\u00f3n de los suelos, lo [&hellip;]<\/p>\n","protected":false},"author":2476,"featured_media":71123,"comment_status":"open","ping_status":"open","sticky":false,"template":"","format":"standard","meta":{"_jetpack_memberships_contains_paid_content":false,"footnotes":""},"categories":[8],"tags":[],"class_list":["post-71122","post","type-post","status-publish","format-standard","has-post-thumbnail","hentry","category-region"],"jetpack_featured_media_url":"https:\/\/encuentroinformativo.com.mx\/wp-content\/uploads\/2025\/09\/IMG-20250920-WA0223.jpg","jetpack_sharing_enabled":true,"jetpack_likes_enabled":true,"amp_enabled":true,"_links":{"self":[{"href":"https:\/\/encuentroinformativo.com.mx\/index.php?rest_route=\/wp\/v2\/posts\/71122","targetHints":{"allow":["GET"]}}],"collection":[{"href":"https:\/\/encuentroinformativo.com.mx\/index.php?rest_route=\/wp\/v2\/posts"}],"about":[{"href":"https:\/\/encuentroinformativo.com.mx\/index.php?rest_route=\/wp\/v2\/types\/post"}],"author":[{"embeddable":true,"href":"https:\/\/encuentroinformativo.com.mx\/index.php?rest_route=\/wp\/v2\/users\/2476"}],"replies":[{"embeddable":true,"href":"https:\/\/encuentroinformativo.com.mx\/index.php?rest_route=%2Fwp%2Fv2%2Fcomments&post=71122"}],"version-history":[{"count":1,"href":"https:\/\/encuentroinformativo.com.mx\/index.php?rest_route=\/wp\/v2\/posts\/71122\/revisions"}],"predecessor-version":[{"id":71124,"href":"https:\/\/encuentroinformativo.com.mx\/index.php?rest_route=\/wp\/v2\/posts\/71122\/revisions\/71124"}],"wp:featuredmedia":[{"embeddable":true,"href":"https:\/\/encuentroinformativo.com.mx\/index.php?rest_route=\/wp\/v2\/media\/71123"}],"wp:attachment":[{"href":"https:\/\/encuentroinformativo.com.mx\/index.php?rest_route=%2Fwp%2Fv2%2Fmedia&parent=71122"}],"wp:term":[{"taxonomy":"category","embeddable":true,"href":"https:\/\/encuentroinformativo.com.mx\/index.php?rest_route=%2Fwp%2Fv2%2Fcategories&post=71122"},{"taxonomy":"post_tag","embeddable":true,"href":"https:\/\/encuentroinformativo.com.mx\/index.php?rest_route=%2Fwp%2Fv2%2Ftags&post=71122"}],"curies":[{"name":"wp","href":"https:\/\/api.w.org\/{rel}","templated":true}]}}