{"id":71131,"date":"2025-09-22T09:52:10","date_gmt":"2025-09-22T15:52:10","guid":{"rendered":"https:\/\/encuentroinformativo.com.mx\/?p=71131"},"modified":"2025-09-22T09:52:10","modified_gmt":"2025-09-22T15:52:10","slug":"instalan-escenario-para-concierto-de-shakira-en-veracruz","status":"publish","type":"post","link":"https:\/\/encuentroinformativo.com.mx\/?p=71131","title":{"rendered":"Instalan escenario para concierto de Shakira en Veracruz"},"content":{"rendered":"<p><strong>Alejandro \u00c1vila<\/strong><\/p>\n<p>Veracruz, Ver.- Dar\u00edo de Le\u00f3n, director de Genera M\u00fasica, junto con personal de producci\u00f3n ofrecieron un recorrido por diversos puntos del estadio Luis \u201cPirata\u201d Fuente, en v\u00edspera a la presentaci\u00f3n de la cantante colombiana Shakira.<\/p>\n<p>El se\u00f1or Dar\u00edo de Le\u00f3n confirm\u00f3 que la gira mundial \u201cLas Mujeres Ya No Lloran World Tour\u201d de Shakira se presentar\u00e1 en dicho recinto este mi\u00e9rcoles 24 de septiembre por lo que el imponente escenario ya comenz\u00f3 a instalarse:<\/p>\n<p>\u201cSon m\u00e1s de 70 tr\u00e1ileres de producci\u00f3n, alrededor de 2 mil personas trabajando, de los cuales 500 pertenecen a la producci\u00f3n de manera directa, sin duda el show con mayor producci\u00f3n en el mundo, con mayor producci\u00f3n haciendo una gira\u201d, dijo.<\/p>\n<p>Y agreg\u00f3: \u201cEstamos muy orgullosos de pertenecer y ser parte de este gran acontecimiento que es este show \u00fanico, realmente nunca ha hecho un show de este tama\u00f1o en la provincia mexicana, es la primera vez\u201d.<\/p>\n<p>De manera certera, Dar\u00edo de Le\u00f3n detall\u00f3 sobre el aspecto tecnol\u00f3gico del show: \u201cEste show tiene varias caracter\u00edsticas especiales, es un show que est\u00e1 varios pasos adelante en la tecnolog\u00eda y lo m\u00e1s moderno de todo lo electr\u00f3nico y que ahora se monta para realizar un show masivo para todo un estadio\u201d.<\/p>\n<p>Respecto al escenario, Dar\u00edo de Le\u00f3n, quien cuenta con m\u00e1s de 40 a\u00f1os de trayectoria en la industria del espect\u00e1culo nacional e internacional, agreg\u00f3: \u201cEl escenario cubre m\u00e1s de 80 metros de ancho, va de lado a lado del estadio y la atura es excepcional, con una gran pantalla de 60 metros. En medio del escenario sale una pasarela en donde act\u00faa gran parte del espect\u00e1culo la artista (\u2026) En la parte tecnol\u00f3gica es un show que integra una inmensa pantalla que cubre cualquier parte del estadio&#8221;.<\/p>\n<p>En el recorrido se cont\u00f3 con la presencia de directivos y ejecutivos de Genera M\u00fasica, as\u00ed como el se\u00f1or Bernardo Barrios Rodr\u00edguez, director general de Grupo B-ONE Espect\u00e1culos, empresa operadora en Veracruz de \u201cLas Mujeres Ya No Lloran World Tour\u201d.<\/p>\n<p>El concierto de Shakira ser\u00e1 el pr\u00f3ximo mi\u00e9rcoles 24 de septiembre, y ser\u00e1 aqu\u00ed en Veracruz la \u00faltima presentaci\u00f3n de la gira &#8220;Las mujeres ya no lloran World Tour&#8221;, que tuvo m\u00e1s de 15 presentaciones en M\u00e9xico.<\/p>\n","protected":false},"excerpt":{"rendered":"<p>Alejandro \u00c1vila Veracruz, Ver.- Dar\u00edo de Le\u00f3n, director de Genera M\u00fasica, junto con personal de producci\u00f3n ofrecieron un recorrido por diversos puntos del estadio Luis \u201cPirata\u201d Fuente, en v\u00edspera a la presentaci\u00f3n de la cantante colombiana Shakira. El se\u00f1or Dar\u00edo de Le\u00f3n confirm\u00f3 que la gira mundial \u201cLas Mujeres Ya No Lloran World Tour\u201d de [&hellip;]<\/p>\n","protected":false},"author":2476,"featured_media":71132,"comment_status":"open","ping_status":"open","sticky":false,"template":"","format":"standard","meta":{"_jetpack_memberships_contains_paid_content":false,"footnotes":""},"categories":[2],"tags":[],"class_list":["post-71131","post","type-post","status-publish","format-standard","has-post-thumbnail","hentry","category-estado"],"jetpack_featured_media_url":"https:\/\/encuentroinformativo.com.mx\/wp-content\/uploads\/2025\/09\/IMG-20250922-WA0070.jpg","jetpack_sharing_enabled":true,"jetpack_likes_enabled":true,"amp_enabled":true,"_links":{"self":[{"href":"https:\/\/encuentroinformativo.com.mx\/index.php?rest_route=\/wp\/v2\/posts\/71131","targetHints":{"allow":["GET"]}}],"collection":[{"href":"https:\/\/encuentroinformativo.com.mx\/index.php?rest_route=\/wp\/v2\/posts"}],"about":[{"href":"https:\/\/encuentroinformativo.com.mx\/index.php?rest_route=\/wp\/v2\/types\/post"}],"author":[{"embeddable":true,"href":"https:\/\/encuentroinformativo.com.mx\/index.php?rest_route=\/wp\/v2\/users\/2476"}],"replies":[{"embeddable":true,"href":"https:\/\/encuentroinformativo.com.mx\/index.php?rest_route=%2Fwp%2Fv2%2Fcomments&post=71131"}],"version-history":[{"count":1,"href":"https:\/\/encuentroinformativo.com.mx\/index.php?rest_route=\/wp\/v2\/posts\/71131\/revisions"}],"predecessor-version":[{"id":71133,"href":"https:\/\/encuentroinformativo.com.mx\/index.php?rest_route=\/wp\/v2\/posts\/71131\/revisions\/71133"}],"wp:featuredmedia":[{"embeddable":true,"href":"https:\/\/encuentroinformativo.com.mx\/index.php?rest_route=\/wp\/v2\/media\/71132"}],"wp:attachment":[{"href":"https:\/\/encuentroinformativo.com.mx\/index.php?rest_route=%2Fwp%2Fv2%2Fmedia&parent=71131"}],"wp:term":[{"taxonomy":"category","embeddable":true,"href":"https:\/\/encuentroinformativo.com.mx\/index.php?rest_route=%2Fwp%2Fv2%2Fcategories&post=71131"},{"taxonomy":"post_tag","embeddable":true,"href":"https:\/\/encuentroinformativo.com.mx\/index.php?rest_route=%2Fwp%2Fv2%2Ftags&post=71131"}],"curies":[{"name":"wp","href":"https:\/\/api.w.org\/{rel}","templated":true}]}}