{"id":71134,"date":"2025-09-22T10:03:36","date_gmt":"2025-09-22T16:03:36","guid":{"rendered":"https:\/\/encuentroinformativo.com.mx\/?p=71134"},"modified":"2025-09-22T10:03:36","modified_gmt":"2025-09-22T16:03:36","slug":"afinan-detalles-para-realizar-concurso-del-globo-en-catemaco","status":"publish","type":"post","link":"https:\/\/encuentroinformativo.com.mx\/?p=71134","title":{"rendered":"Afinan detalles para realizar &#8220;Concurso del Globo\u201d en Catemaco\u00a0"},"content":{"rendered":"<p><strong>Alejandro \u00c1vila<\/strong><\/p>\n<p>Catemaco, Ver.- Por primera vez y durante las Fiestas Patronales en honor a la Virgen del Carmen, el municipio de Catemaco realizar\u00e1 el Concurso Nacional del Globo, con la finalidad de generar derrama econ\u00f3mica y el rescatar a los artesanos globeros de la zona.<\/p>\n<p>El evento est\u00e1 previsto para el mes de julio de 2026 con la realizaci\u00f3n de una ilama en forma de cruz con diez mil doscientos picos y 30 metros de altura.<\/p>\n<p>El proyecto busca arraigar esta gran tradici\u00f3n con artesanos globeros especialmente del municipio, incluyendo a globeros vecinos de San Andr\u00e9s Tuxtla, de talla nacional como el estado de M\u00e9xico y Yucat\u00e1n, as\u00ed como internacionales de los pa\u00edses de Brasil y Colombia.<\/p>\n<p>El creador del proyecto, ingeniero Mauro M\u00e1laga Baxin, con varios a\u00f1os en la realizaci\u00f3n de globos, asegur\u00f3 que el campo de beisbol Adolfo Moreno, ser\u00e1 sede de este encuentro con una expectativa importante en derrama econ\u00f3mica con la llegada de turismo internacional, nacional y visitantes de las diversas partes del estado de Veracruz.<\/p>\n<p>\u201cNo queremos robarnos ideas, queremos apostarle fuertemente a este proyecto que atraer\u00e1 turismo para que la regi\u00f3n crezca m\u00e1s, tiene un par de a\u00f1os que se ha estado organizando, la elevaci\u00f3n de una ilama de cruz de 30 metros de altura y diez mil 200 picos, el proyecto ya est\u00e1 cimentado tiene m\u00e1s de un a\u00f1o, faltan algunos detalles peque\u00f1os.<\/p>\n<p>La idea es hacer el primer concurso de ilama, todos los ilameros de todo el pa\u00eds se van a medir uno a uno por obtener un premio simb\u00f3lico\u201d, dijo.<\/p>\n<p>Hizo la invitaci\u00f3n a los globeros locales que aun quieran sumarse al proyecto para que puedan ser incluidos y tener participaci\u00f3n, as\u00ed mismo, expuso que conforme se acerque la fecha, estar\u00e1n dando pormenores de los d\u00edas exactos en que se llevar\u00eda a cabo.<\/p>\n<p>\u201cEl proyecto ha sido muy atacado en redes sociales, el proyecto va muy enfocado a la tradici\u00f3n, no queremos igualar a nadie, pido respeto, es un proyecto que viene a unificar y no a dividir\u201d, apunt\u00f3.<\/p>\n<p>Del mismo modo, el alcalde electo de Catemaco, Manuel Eduardo Toscano, asegur\u00f3 que refrendar\u00e1 el proyecto para llevarlo a cabo en las fiestas patronales de la Virgen del Carmen.<\/p>\n<p>\u201cCatemaco lo tenemos que poner de moda como lo dice nuestra gobernadora Roc\u00edo Nahle, hay mucho por hacer, agradecido como presidente electo de estar tomando en cuenta a nuestro municipio, quiero que sepa la gobernadora que estoy dispuesto a poner todo como presidente de enero en adelante, para que verdaderamente Catemaco y Los Tuxtlas se ponga de moda\u201d, reiter\u00f3.<\/p>\n","protected":false},"excerpt":{"rendered":"<p>Alejandro \u00c1vila Catemaco, Ver.- Por primera vez y durante las Fiestas Patronales en honor a la Virgen del Carmen, el municipio de Catemaco realizar\u00e1 el Concurso Nacional del Globo, con la finalidad de generar derrama econ\u00f3mica y el rescatar a los artesanos globeros de la zona. El evento est\u00e1 previsto para el mes de julio [&hellip;]<\/p>\n","protected":false},"author":2476,"featured_media":71135,"comment_status":"open","ping_status":"open","sticky":false,"template":"","format":"standard","meta":{"_jetpack_memberships_contains_paid_content":false,"footnotes":""},"categories":[2],"tags":[],"class_list":["post-71134","post","type-post","status-publish","format-standard","has-post-thumbnail","hentry","category-estado"],"jetpack_featured_media_url":"https:\/\/encuentroinformativo.com.mx\/wp-content\/uploads\/2025\/09\/IMG-20250922-WA0072.jpg","jetpack_sharing_enabled":true,"jetpack_likes_enabled":true,"amp_enabled":true,"_links":{"self":[{"href":"https:\/\/encuentroinformativo.com.mx\/index.php?rest_route=\/wp\/v2\/posts\/71134","targetHints":{"allow":["GET"]}}],"collection":[{"href":"https:\/\/encuentroinformativo.com.mx\/index.php?rest_route=\/wp\/v2\/posts"}],"about":[{"href":"https:\/\/encuentroinformativo.com.mx\/index.php?rest_route=\/wp\/v2\/types\/post"}],"author":[{"embeddable":true,"href":"https:\/\/encuentroinformativo.com.mx\/index.php?rest_route=\/wp\/v2\/users\/2476"}],"replies":[{"embeddable":true,"href":"https:\/\/encuentroinformativo.com.mx\/index.php?rest_route=%2Fwp%2Fv2%2Fcomments&post=71134"}],"version-history":[{"count":1,"href":"https:\/\/encuentroinformativo.com.mx\/index.php?rest_route=\/wp\/v2\/posts\/71134\/revisions"}],"predecessor-version":[{"id":71136,"href":"https:\/\/encuentroinformativo.com.mx\/index.php?rest_route=\/wp\/v2\/posts\/71134\/revisions\/71136"}],"wp:featuredmedia":[{"embeddable":true,"href":"https:\/\/encuentroinformativo.com.mx\/index.php?rest_route=\/wp\/v2\/media\/71135"}],"wp:attachment":[{"href":"https:\/\/encuentroinformativo.com.mx\/index.php?rest_route=%2Fwp%2Fv2%2Fmedia&parent=71134"}],"wp:term":[{"taxonomy":"category","embeddable":true,"href":"https:\/\/encuentroinformativo.com.mx\/index.php?rest_route=%2Fwp%2Fv2%2Fcategories&post=71134"},{"taxonomy":"post_tag","embeddable":true,"href":"https:\/\/encuentroinformativo.com.mx\/index.php?rest_route=%2Fwp%2Fv2%2Ftags&post=71134"}],"curies":[{"name":"wp","href":"https:\/\/api.w.org\/{rel}","templated":true}]}}