{"id":71137,"date":"2025-09-22T10:09:10","date_gmt":"2025-09-22T16:09:10","guid":{"rendered":"https:\/\/encuentroinformativo.com.mx\/?p=71137"},"modified":"2025-09-22T10:09:10","modified_gmt":"2025-09-22T16:09:10","slug":"por-aranceles-asiaticos-reyes-magos-compraran-juguetes-mas-caros-imef","status":"publish","type":"post","link":"https:\/\/encuentroinformativo.com.mx\/?p=71137","title":{"rendered":"Por aranceles asi\u00e1ticos, Reyes Magos comprar\u00e1n juguetes m\u00e1s caros: IMEF"},"content":{"rendered":"<p><strong>Alejandro \u00c1vila<\/strong><\/p>\n<p>Veracruz, Ver.- El presidente del Instituto Mexicano de Ejecutivos de Finanzas (IMEF) cap\u00edtulo Veracruz, Ram\u00f3n Ortega D\u00edaz, dio a conocer que en enero del 2026 habr\u00e1 una eminente alza de precios en M\u00e9xico debido a los aranceles que se le pusieron a los productos de Asia y el aumento al salario m\u00ednimo.<\/p>\n<p>El colegiado dijo que a la fecha existe un arancel para productos asi\u00e1ticos del 30 al 35 por ciento, pero este podr\u00eda llegar hasta el 50 por ciento e incluso, se podr\u00edan ver afectados los obsequios que entregan los Reyes Magos el 6 de enero.<\/p>\n<p>&#8220;En enero veremos si esto escala con un ajuste en su nivel de costos precisamente porque no los hayan comprado por la oferta y demanda. Vienen otros ajustes en enero en el tema inflacionario, es algo lo que estamos atentos y tambi\u00e9n viene otro impacto por el aumento salario m\u00ednimo&#8221;, declar\u00f3.<\/p>\n<p>Remojo Ortega dijo que en el mes de octubre se aprobar\u00eda el aumento del 12 por ciento m\u00e1s al aumento el salario m\u00ednimo, lo que dejar\u00eda en m\u00e1s de 300 pesos el salario m\u00ednimo M\u00e9xico.<\/p>\n<p>&#8220;Y a pesar de que en estos a\u00f1os de aumento al salario m\u00ednimo no se ha visto repercutido de manera directa en la inflaci\u00f3n, el de este a\u00f1o en particular s\u00ed es de estudiar porque ya se acabar\u00eda tambi\u00e9n un subsidio al empleo, que es lo que estamos visualizando, que el empresario que ofrece y ajusta al efecto, no al salario pero si lo referente sale lo m\u00ednimo, entonces eso tambi\u00e9n podr\u00eda repercutir en un ajuste a los dem\u00e1s productos y servicios. Entonces, enero viene con un tema fuerte no solamente por el tema arancelario, sino tambi\u00e9n por el ajuste al salario m\u00ednimo profesional&#8221;, remat\u00f3.<\/p>\n<p>&nbsp;<\/p>\n","protected":false},"excerpt":{"rendered":"<p>Alejandro \u00c1vila Veracruz, Ver.- El presidente del Instituto Mexicano de Ejecutivos de Finanzas (IMEF) cap\u00edtulo Veracruz, Ram\u00f3n Ortega D\u00edaz, dio a conocer que en enero del 2026 habr\u00e1 una eminente alza de precios en M\u00e9xico debido a los aranceles que se le pusieron a los productos de Asia y el aumento al salario m\u00ednimo. El [&hellip;]<\/p>\n","protected":false},"author":2476,"featured_media":71138,"comment_status":"open","ping_status":"open","sticky":false,"template":"","format":"standard","meta":{"_jetpack_memberships_contains_paid_content":false,"footnotes":""},"categories":[2],"tags":[],"class_list":["post-71137","post","type-post","status-publish","format-standard","has-post-thumbnail","hentry","category-estado"],"jetpack_featured_media_url":"https:\/\/encuentroinformativo.com.mx\/wp-content\/uploads\/2025\/09\/IMG-20250922-WA00742.jpg","jetpack_sharing_enabled":true,"jetpack_likes_enabled":true,"amp_enabled":true,"_links":{"self":[{"href":"https:\/\/encuentroinformativo.com.mx\/index.php?rest_route=\/wp\/v2\/posts\/71137","targetHints":{"allow":["GET"]}}],"collection":[{"href":"https:\/\/encuentroinformativo.com.mx\/index.php?rest_route=\/wp\/v2\/posts"}],"about":[{"href":"https:\/\/encuentroinformativo.com.mx\/index.php?rest_route=\/wp\/v2\/types\/post"}],"author":[{"embeddable":true,"href":"https:\/\/encuentroinformativo.com.mx\/index.php?rest_route=\/wp\/v2\/users\/2476"}],"replies":[{"embeddable":true,"href":"https:\/\/encuentroinformativo.com.mx\/index.php?rest_route=%2Fwp%2Fv2%2Fcomments&post=71137"}],"version-history":[{"count":1,"href":"https:\/\/encuentroinformativo.com.mx\/index.php?rest_route=\/wp\/v2\/posts\/71137\/revisions"}],"predecessor-version":[{"id":71139,"href":"https:\/\/encuentroinformativo.com.mx\/index.php?rest_route=\/wp\/v2\/posts\/71137\/revisions\/71139"}],"wp:featuredmedia":[{"embeddable":true,"href":"https:\/\/encuentroinformativo.com.mx\/index.php?rest_route=\/wp\/v2\/media\/71138"}],"wp:attachment":[{"href":"https:\/\/encuentroinformativo.com.mx\/index.php?rest_route=%2Fwp%2Fv2%2Fmedia&parent=71137"}],"wp:term":[{"taxonomy":"category","embeddable":true,"href":"https:\/\/encuentroinformativo.com.mx\/index.php?rest_route=%2Fwp%2Fv2%2Fcategories&post=71137"},{"taxonomy":"post_tag","embeddable":true,"href":"https:\/\/encuentroinformativo.com.mx\/index.php?rest_route=%2Fwp%2Fv2%2Ftags&post=71137"}],"curies":[{"name":"wp","href":"https:\/\/api.w.org\/{rel}","templated":true}]}}