{"id":71140,"date":"2025-09-22T10:38:26","date_gmt":"2025-09-22T16:38:26","guid":{"rendered":"https:\/\/encuentroinformativo.com.mx\/?p=71140"},"modified":"2025-09-22T10:38:26","modified_gmt":"2025-09-22T16:38:26","slug":"padres-reclaman-instalacion-de-docente-en-primaria-de-actopan","status":"publish","type":"post","link":"https:\/\/encuentroinformativo.com.mx\/?p=71140","title":{"rendered":"Padres reclaman instalaci\u00f3n de docente en primaria de Actopan"},"content":{"rendered":"<p><strong>Dar\u00edo Pale<\/strong><\/p>\n<p>Xalapa, Ver.- Padres de familia de la escuela primaria &#8220;Jos\u00e9 Mar\u00eda Morelos y Pav\u00f3n&#8221; de la comunidad de San Nicol\u00e1s, municipio de Actopan, se manifestaron este lunes en las oficinas del Departamento Jur\u00eddico de la SEV que se ubican en la avenida Am\u00e9ricas de Xalapa, por el cese de un profesor, quien supuestamente maltrat\u00f3 a un estudiante, por lo que piden su reincorporaci\u00f3n.<\/p>\n<p>Padres de familia de la Escuela Primaria \u201cJos\u00e9 Mar\u00eda Morelos y Pav\u00f3n\u201d, ubicada en la comunidad de San Nicol\u00e1s, municipio de Actopan, volvieron a manifestarse este lunes para exigir la reinstalaci\u00f3n de un docente cesado tras una acusaci\u00f3n de presunto maltrato infantil.<\/p>\n<p>Como parte de su protesta, tomaron diversos planteles pertenecientes a la Zona Escolar 291 en Actopan y, de forma simult\u00e1nea, otro grupo de padres se traslad\u00f3 a la ciudad de Xalapa, donde se manifestaron sobre la calle Am\u00e9ricas.<\/p>\n<p>Los inconformes se\u00f1alan que no hubo una investigaci\u00f3n previa, s\u00f3lo se notific\u00f3 el pasado 10 u 11 de septiembre, por lo que el docente estuvo del 27 de julio a esa fecha, en Supervisi\u00f3n, en Actopan, &#8220;resguardado&#8221;.<\/p>\n<p>Los padres de familia se\u00f1alan que se enviaron testimonios de que el profesor llevaba m\u00e1s de 20 a\u00f1os laborando sin que ocurriera una situaci\u00f3n similar, el docente Marco Antonio Moreno Mart\u00ednez ten\u00eda a su cargo, primero y segundo de primaria.<\/p>\n<p>De acuerdo con los padres de familia el afectado ya estaba a punto de jubilarse. Ya ten\u00eda 25 a\u00f1os laborando en esa escuela y m\u00e1s de 30 a\u00f1os dando clases, lo pudo hacer desde el a\u00f1o pasado, pero apenas este a\u00f1o comenzar\u00eda los tr\u00e1mites.<\/p>\n<p>Por \u00faltimo cabe recordar que esta no es la primera protesta por parte de los tutores; la semana pasada tambi\u00e9n se manifestaron afuera del plantel en Actopan para externar su inconformidad.<\/p>\n<p><img loading=\"lazy\" decoding=\"async\" class=\"aligncenter size-medium wp-image-71143\" src=\"https:\/\/encuentroinformativo.com.mx\/wp-content\/uploads\/2025\/09\/IMG-20250922-WA0093-300x225.jpg\" alt=\"\" width=\"300\" height=\"225\" srcset=\"https:\/\/encuentroinformativo.com.mx\/wp-content\/uploads\/2025\/09\/IMG-20250922-WA0093-300x225.jpg 300w, https:\/\/encuentroinformativo.com.mx\/wp-content\/uploads\/2025\/09\/IMG-20250922-WA0093-1024x768.jpg 1024w, https:\/\/encuentroinformativo.com.mx\/wp-content\/uploads\/2025\/09\/IMG-20250922-WA0093-768x576.jpg 768w, https:\/\/encuentroinformativo.com.mx\/wp-content\/uploads\/2025\/09\/IMG-20250922-WA0093-1536x1152.jpg 1536w, https:\/\/encuentroinformativo.com.mx\/wp-content\/uploads\/2025\/09\/IMG-20250922-WA0093.jpg 1600w\" sizes=\"auto, (max-width: 300px) 100vw, 300px\" \/><\/p>\n","protected":false},"excerpt":{"rendered":"<p>Dar\u00edo Pale Xalapa, Ver.- Padres de familia de la escuela primaria &#8220;Jos\u00e9 Mar\u00eda Morelos y Pav\u00f3n&#8221; de la comunidad de San Nicol\u00e1s, municipio de Actopan, se manifestaron este lunes en las oficinas del Departamento Jur\u00eddico de la SEV que se ubican en la avenida Am\u00e9ricas de Xalapa, por el cese de un profesor, quien supuestamente [&hellip;]<\/p>\n","protected":false},"author":2476,"featured_media":71144,"comment_status":"open","ping_status":"open","sticky":false,"template":"","format":"standard","meta":{"_jetpack_memberships_contains_paid_content":false,"footnotes":""},"categories":[8],"tags":[],"class_list":["post-71140","post","type-post","status-publish","format-standard","has-post-thumbnail","hentry","category-region"],"jetpack_featured_media_url":"https:\/\/encuentroinformativo.com.mx\/wp-content\/uploads\/2025\/09\/IMG-20250922-WA0089.jpg","jetpack_sharing_enabled":true,"jetpack_likes_enabled":true,"amp_enabled":true,"_links":{"self":[{"href":"https:\/\/encuentroinformativo.com.mx\/index.php?rest_route=\/wp\/v2\/posts\/71140","targetHints":{"allow":["GET"]}}],"collection":[{"href":"https:\/\/encuentroinformativo.com.mx\/index.php?rest_route=\/wp\/v2\/posts"}],"about":[{"href":"https:\/\/encuentroinformativo.com.mx\/index.php?rest_route=\/wp\/v2\/types\/post"}],"author":[{"embeddable":true,"href":"https:\/\/encuentroinformativo.com.mx\/index.php?rest_route=\/wp\/v2\/users\/2476"}],"replies":[{"embeddable":true,"href":"https:\/\/encuentroinformativo.com.mx\/index.php?rest_route=%2Fwp%2Fv2%2Fcomments&post=71140"}],"version-history":[{"count":1,"href":"https:\/\/encuentroinformativo.com.mx\/index.php?rest_route=\/wp\/v2\/posts\/71140\/revisions"}],"predecessor-version":[{"id":71145,"href":"https:\/\/encuentroinformativo.com.mx\/index.php?rest_route=\/wp\/v2\/posts\/71140\/revisions\/71145"}],"wp:featuredmedia":[{"embeddable":true,"href":"https:\/\/encuentroinformativo.com.mx\/index.php?rest_route=\/wp\/v2\/media\/71144"}],"wp:attachment":[{"href":"https:\/\/encuentroinformativo.com.mx\/index.php?rest_route=%2Fwp%2Fv2%2Fmedia&parent=71140"}],"wp:term":[{"taxonomy":"category","embeddable":true,"href":"https:\/\/encuentroinformativo.com.mx\/index.php?rest_route=%2Fwp%2Fv2%2Fcategories&post=71140"},{"taxonomy":"post_tag","embeddable":true,"href":"https:\/\/encuentroinformativo.com.mx\/index.php?rest_route=%2Fwp%2Fv2%2Ftags&post=71140"}],"curies":[{"name":"wp","href":"https:\/\/api.w.org\/{rel}","templated":true}]}}