{"id":71146,"date":"2025-09-22T11:04:38","date_gmt":"2025-09-22T17:04:38","guid":{"rendered":"https:\/\/encuentroinformativo.com.mx\/?p=71146"},"modified":"2025-09-22T11:04:38","modified_gmt":"2025-09-22T17:04:38","slug":"reforma-a-la-ley-de-amparos-sera-perjudicial-para-mexico-abogados","status":"publish","type":"post","link":"https:\/\/encuentroinformativo.com.mx\/?p=71146","title":{"rendered":"Reforma a la Ley de Amparos ser\u00e1 perjudicial para M\u00e9xico: Abogados"},"content":{"rendered":"<p><strong>Alejandro \u00c1vila<\/strong><\/p>\n<p>Veracruz, Ver.- La propuesta de reformar a la Ley de Amparos ser\u00e1 totalmente perjudicial para la sociedad mexicana, dio a conocer Alberto Priego Miranda, presidente del Colegio de Abogados de Veracruz.<\/p>\n<p>El litigante dijo que sostuvieron una reuni\u00f3n con el senador, Manuel Huerta Ladr\u00f3n de Guevara, para hacerle saber las problem\u00e1ticas que tendr\u00eda en un futuro el modificar la Ley de Amparos, pues ya no se podr\u00e1 obligar las autoridades a que cumplan con las sentencias e incluso, las multas por incumplimiento las pagar\u00e1n los propios mexicanos de sus impuestos.<\/p>\n<p>&#8220;Otro tema por el cual nosotros generamos preocupaci\u00f3n, es que las suspensiones ya no van a tener efectos generales y va a afectar sobre todo en temas fiscales. Anteriormente y pongo un efecto muy claro en ese tipo de resoluciones, donde si se conced\u00eda la suspensi\u00f3n para efectos generales, recordar\u00e1n el tema de las Leyes de Telecomunicaci\u00f3n donde se promov\u00eda amparo para este tipo de leyes, en su momento se suspendi\u00f3 de forma general su aplicaci\u00f3n, para que se suspend\u00eda, para que diera tiempo de que los Jueces Federales y los Magistrados Colegiados tambi\u00e9n Federales pudieran estudiar si una ley era o no constitucional, ya una vez definido, eso en ese inter se suspend\u00eda su ejecuci\u00f3n, sin embargo esto aplicaba una demora para la aplicaci\u00f3n de estas leyes, eso es lo que quiere evitar el gobierno, c\u00f3mo nos va a perjudicar o c\u00f3mo va a influir en nosotros, en que la ley se va a aplicar desde el inicio sea o no sea constitucional&#8221;, detall\u00f3.<\/p>\n<p>Con esto se corre el riesgo de que se apliquen durante un a\u00f1o o a\u00f1o y medio leyes inconstitucionales en contra de los mexicanos.<\/p>\n","protected":false},"excerpt":{"rendered":"<p>Alejandro \u00c1vila Veracruz, Ver.- La propuesta de reformar a la Ley de Amparos ser\u00e1 totalmente perjudicial para la sociedad mexicana, dio a conocer Alberto Priego Miranda, presidente del Colegio de Abogados de Veracruz. El litigante dijo que sostuvieron una reuni\u00f3n con el senador, Manuel Huerta Ladr\u00f3n de Guevara, para hacerle saber las problem\u00e1ticas que tendr\u00eda [&hellip;]<\/p>\n","protected":false},"author":2476,"featured_media":71147,"comment_status":"open","ping_status":"open","sticky":false,"template":"","format":"standard","meta":{"_jetpack_memberships_contains_paid_content":false,"footnotes":""},"categories":[2],"tags":[],"class_list":["post-71146","post","type-post","status-publish","format-standard","has-post-thumbnail","hentry","category-estado"],"jetpack_featured_media_url":"https:\/\/encuentroinformativo.com.mx\/wp-content\/uploads\/2025\/09\/IMG-20250922-WA00822.jpg","jetpack_sharing_enabled":true,"jetpack_likes_enabled":true,"amp_enabled":true,"_links":{"self":[{"href":"https:\/\/encuentroinformativo.com.mx\/index.php?rest_route=\/wp\/v2\/posts\/71146","targetHints":{"allow":["GET"]}}],"collection":[{"href":"https:\/\/encuentroinformativo.com.mx\/index.php?rest_route=\/wp\/v2\/posts"}],"about":[{"href":"https:\/\/encuentroinformativo.com.mx\/index.php?rest_route=\/wp\/v2\/types\/post"}],"author":[{"embeddable":true,"href":"https:\/\/encuentroinformativo.com.mx\/index.php?rest_route=\/wp\/v2\/users\/2476"}],"replies":[{"embeddable":true,"href":"https:\/\/encuentroinformativo.com.mx\/index.php?rest_route=%2Fwp%2Fv2%2Fcomments&post=71146"}],"version-history":[{"count":1,"href":"https:\/\/encuentroinformativo.com.mx\/index.php?rest_route=\/wp\/v2\/posts\/71146\/revisions"}],"predecessor-version":[{"id":71148,"href":"https:\/\/encuentroinformativo.com.mx\/index.php?rest_route=\/wp\/v2\/posts\/71146\/revisions\/71148"}],"wp:featuredmedia":[{"embeddable":true,"href":"https:\/\/encuentroinformativo.com.mx\/index.php?rest_route=\/wp\/v2\/media\/71147"}],"wp:attachment":[{"href":"https:\/\/encuentroinformativo.com.mx\/index.php?rest_route=%2Fwp%2Fv2%2Fmedia&parent=71146"}],"wp:term":[{"taxonomy":"category","embeddable":true,"href":"https:\/\/encuentroinformativo.com.mx\/index.php?rest_route=%2Fwp%2Fv2%2Fcategories&post=71146"},{"taxonomy":"post_tag","embeddable":true,"href":"https:\/\/encuentroinformativo.com.mx\/index.php?rest_route=%2Fwp%2Fv2%2Ftags&post=71146"}],"curies":[{"name":"wp","href":"https:\/\/api.w.org\/{rel}","templated":true}]}}