{"id":71152,"date":"2025-09-22T11:21:31","date_gmt":"2025-09-22T17:21:31","guid":{"rendered":"https:\/\/encuentroinformativo.com.mx\/?p=71152"},"modified":"2025-09-22T11:21:31","modified_gmt":"2025-09-22T17:21:31","slug":"analiza-sedema-posibilidades-de-rellenos-sanitarios-regionales","status":"publish","type":"post","link":"https:\/\/encuentroinformativo.com.mx\/?p=71152","title":{"rendered":"Analiza SEDEMA posibilidades de rellenos sanitarios regionales"},"content":{"rendered":"<p><strong>Dar\u00edo Pale<\/strong><\/p>\n<p>Xalapa, Ver.- La titular de la Secretar\u00eda de Medio Ambiente de Veracruz (SEDEMA), Luz Mariela Zaleta Mendoza, sobre el despido de seis trabajadores, indic\u00f3 que se encuentra en la Junta de Conciliaci\u00f3n y Arbitraje, por lo que dijo que no pod\u00eda dar informaci\u00f3n.<\/p>\n<p>Acerca del caso de la laguna de San Juli\u00e1n, donde se registr\u00f3 mortandad de peces, dijo que trabajan autoridades federales y estatales, as\u00ed como el municipio de Veracruz y se hizo una limpieza.<\/p>\n<p>Indic\u00f3 que la Comisi\u00f3n Nacional del Agua tom\u00f3 muestras y se esperan los resultados del laboratorio.<\/p>\n<p>Con relaci\u00f3n al presupuesto, precis\u00f3 que se les redujo debido a que el tema de obras pas\u00f3 a la Secretar\u00eda de Infraestructura y Obras P\u00fablicas del Gobierno de Veracruz.<\/p>\n<p>Acerca de los tiraderos a cielo abierto, asegur\u00f3 que se trabaja en estrategias, &#8220;sabemos que no cumplen, eso es una realidad, pero se est\u00e1n tomando las medidas necesarias para ver la posibilidad de que se hagan rellenos regionales&#8221;.<\/p>\n<p>Asegur\u00f3 que ya tienen el mapeo de las ubicaciones de los tiraderos, adem\u00e1s de que no todas las zonas son aptas para instalar rellenos sanitarios.<\/p>\n<p>Record\u00f3 que al inicio de la administraci\u00f3n actual realiz\u00f3 una gira de trabajo para exhortar a los alcaldes que presentar\u00e1n un proyecto presupuestal en t\u00e9rminos ambientales para que los nuevos puedan aplicarlo.<\/p>\n<p>Sobre la tala de \u00e1rboles en la zona de la cascada La Monja en Xico, indic\u00f3 que se trabaja con Profepa y Conafor.<\/p>\n","protected":false},"excerpt":{"rendered":"<p>Dar\u00edo Pale Xalapa, Ver.- La titular de la Secretar\u00eda de Medio Ambiente de Veracruz (SEDEMA), Luz Mariela Zaleta Mendoza, sobre el despido de seis trabajadores, indic\u00f3 que se encuentra en la Junta de Conciliaci\u00f3n y Arbitraje, por lo que dijo que no pod\u00eda dar informaci\u00f3n. Acerca del caso de la laguna de San Juli\u00e1n, donde [&hellip;]<\/p>\n","protected":false},"author":2476,"featured_media":71153,"comment_status":"open","ping_status":"open","sticky":false,"template":"","format":"standard","meta":{"_jetpack_memberships_contains_paid_content":false,"footnotes":""},"categories":[2],"tags":[],"class_list":["post-71152","post","type-post","status-publish","format-standard","has-post-thumbnail","hentry","category-estado"],"jetpack_featured_media_url":"https:\/\/encuentroinformativo.com.mx\/wp-content\/uploads\/2025\/09\/IMG-20250922-WA0100.jpg","jetpack_sharing_enabled":true,"jetpack_likes_enabled":true,"amp_enabled":true,"_links":{"self":[{"href":"https:\/\/encuentroinformativo.com.mx\/index.php?rest_route=\/wp\/v2\/posts\/71152","targetHints":{"allow":["GET"]}}],"collection":[{"href":"https:\/\/encuentroinformativo.com.mx\/index.php?rest_route=\/wp\/v2\/posts"}],"about":[{"href":"https:\/\/encuentroinformativo.com.mx\/index.php?rest_route=\/wp\/v2\/types\/post"}],"author":[{"embeddable":true,"href":"https:\/\/encuentroinformativo.com.mx\/index.php?rest_route=\/wp\/v2\/users\/2476"}],"replies":[{"embeddable":true,"href":"https:\/\/encuentroinformativo.com.mx\/index.php?rest_route=%2Fwp%2Fv2%2Fcomments&post=71152"}],"version-history":[{"count":1,"href":"https:\/\/encuentroinformativo.com.mx\/index.php?rest_route=\/wp\/v2\/posts\/71152\/revisions"}],"predecessor-version":[{"id":71154,"href":"https:\/\/encuentroinformativo.com.mx\/index.php?rest_route=\/wp\/v2\/posts\/71152\/revisions\/71154"}],"wp:featuredmedia":[{"embeddable":true,"href":"https:\/\/encuentroinformativo.com.mx\/index.php?rest_route=\/wp\/v2\/media\/71153"}],"wp:attachment":[{"href":"https:\/\/encuentroinformativo.com.mx\/index.php?rest_route=%2Fwp%2Fv2%2Fmedia&parent=71152"}],"wp:term":[{"taxonomy":"category","embeddable":true,"href":"https:\/\/encuentroinformativo.com.mx\/index.php?rest_route=%2Fwp%2Fv2%2Fcategories&post=71152"},{"taxonomy":"post_tag","embeddable":true,"href":"https:\/\/encuentroinformativo.com.mx\/index.php?rest_route=%2Fwp%2Fv2%2Ftags&post=71152"}],"curies":[{"name":"wp","href":"https:\/\/api.w.org\/{rel}","templated":true}]}}