{"id":71155,"date":"2025-09-22T13:40:47","date_gmt":"2025-09-22T19:40:47","guid":{"rendered":"https:\/\/encuentroinformativo.com.mx\/?p=71155"},"modified":"2025-09-22T13:40:47","modified_gmt":"2025-09-22T19:40:47","slug":"defensas-rurales-realizaron-jornada-de-apoyo-en-el-chico","status":"publish","type":"post","link":"https:\/\/encuentroinformativo.com.mx\/?p=71155","title":{"rendered":"Defensas Rurales realizaron jornada de apoyo en El Chico"},"content":{"rendered":"<p><strong>Dar\u00edo Pale<\/strong><\/p>\n<p>Xalapa, Ver.- Este fin de semana, integrantes de las Defensas Rurales participaron en una jornada de apoyo comunitario en la telesecundaria 5 de Mayo de la localidad de El Chico.<\/p>\n<p>La actividad consisti\u00f3 en labores de limpieza y mantenimiento general en las instalaciones del plantel.<\/p>\n<p>De acuerdo con el reporte oficial, fueron 20 elementos los que acudieron al llamado, la acci\u00f3n form\u00f3 parte de las actividades de proximidad social que este cuerpo realiza en diferentes comunidades de la regi\u00f3n.<\/p>\n<p>Durante la jornada, los uniformados llevaron a cabo el chapeo de maleza, la poda de \u00e1rboles y la limpieza de escombros acumulados en \u00e1reas verdes. Adem\u00e1s, retiraron tierra amontonada en distintos puntos del plantel, con el objetivo de mejorar la imagen y seguridad de los espacios utilizados por estudiantes y docentes.<\/p>\n<p>La presencia de los elementos no se limit\u00f3 al trabajo f\u00edsico, tambi\u00e9n convivieron con la comunidad escolar, lo que permiti\u00f3 reforzar la cercan\u00eda entre padres de familia y autoridades militares.<\/p>\n<p>Padres y madres de familia de la telesecundaria se sumaron a las tareas de limpieza. Al finalizar la actividad, expresaron su agradecimiento por el respaldo recibido, destacando que estas acciones fortalecen la seguridad y confianza hacia las instituciones.<\/p>\n","protected":false},"excerpt":{"rendered":"<p>Dar\u00edo Pale Xalapa, Ver.- Este fin de semana, integrantes de las Defensas Rurales participaron en una jornada de apoyo comunitario en la telesecundaria 5 de Mayo de la localidad de El Chico. La actividad consisti\u00f3 en labores de limpieza y mantenimiento general en las instalaciones del plantel. De acuerdo con el reporte oficial, fueron 20 [&hellip;]<\/p>\n","protected":false},"author":2476,"featured_media":71156,"comment_status":"open","ping_status":"open","sticky":false,"template":"","format":"standard","meta":{"_jetpack_memberships_contains_paid_content":false,"footnotes":""},"categories":[8],"tags":[],"class_list":["post-71155","post","type-post","status-publish","format-standard","has-post-thumbnail","hentry","category-region"],"jetpack_featured_media_url":"https:\/\/encuentroinformativo.com.mx\/wp-content\/uploads\/2025\/09\/IMG-20250922-WA0108.jpg","jetpack_sharing_enabled":true,"jetpack_likes_enabled":true,"amp_enabled":true,"_links":{"self":[{"href":"https:\/\/encuentroinformativo.com.mx\/index.php?rest_route=\/wp\/v2\/posts\/71155","targetHints":{"allow":["GET"]}}],"collection":[{"href":"https:\/\/encuentroinformativo.com.mx\/index.php?rest_route=\/wp\/v2\/posts"}],"about":[{"href":"https:\/\/encuentroinformativo.com.mx\/index.php?rest_route=\/wp\/v2\/types\/post"}],"author":[{"embeddable":true,"href":"https:\/\/encuentroinformativo.com.mx\/index.php?rest_route=\/wp\/v2\/users\/2476"}],"replies":[{"embeddable":true,"href":"https:\/\/encuentroinformativo.com.mx\/index.php?rest_route=%2Fwp%2Fv2%2Fcomments&post=71155"}],"version-history":[{"count":1,"href":"https:\/\/encuentroinformativo.com.mx\/index.php?rest_route=\/wp\/v2\/posts\/71155\/revisions"}],"predecessor-version":[{"id":71157,"href":"https:\/\/encuentroinformativo.com.mx\/index.php?rest_route=\/wp\/v2\/posts\/71155\/revisions\/71157"}],"wp:featuredmedia":[{"embeddable":true,"href":"https:\/\/encuentroinformativo.com.mx\/index.php?rest_route=\/wp\/v2\/media\/71156"}],"wp:attachment":[{"href":"https:\/\/encuentroinformativo.com.mx\/index.php?rest_route=%2Fwp%2Fv2%2Fmedia&parent=71155"}],"wp:term":[{"taxonomy":"category","embeddable":true,"href":"https:\/\/encuentroinformativo.com.mx\/index.php?rest_route=%2Fwp%2Fv2%2Fcategories&post=71155"},{"taxonomy":"post_tag","embeddable":true,"href":"https:\/\/encuentroinformativo.com.mx\/index.php?rest_route=%2Fwp%2Fv2%2Ftags&post=71155"}],"curies":[{"name":"wp","href":"https:\/\/api.w.org\/{rel}","templated":true}]}}