{"id":71158,"date":"2025-09-22T14:29:59","date_gmt":"2025-09-22T20:29:59","guid":{"rendered":"https:\/\/encuentroinformativo.com.mx\/?p=71158"},"modified":"2025-09-22T14:29:59","modified_gmt":"2025-09-22T20:29:59","slug":"atender-contaminacion-de-mundo-nuevo-es-competencia-federal-afirma-pma","status":"publish","type":"post","link":"https:\/\/encuentroinformativo.com.mx\/?p=71158","title":{"rendered":"Atender contaminaci\u00f3n de Mundo Nuevo es competencia federal, afirma PMA"},"content":{"rendered":"<p><strong>Dar\u00edo Pale<\/strong><\/p>\n<p>Xalapa, Ver.- El titular de la Procuradur\u00eda Estatal del Medio Ambiente del Estado de Veracruz, \u00c1ngel Carrizales L\u00f3pez, manifest\u00f3 que el tema de contaminaci\u00f3n ambiental y los da\u00f1os a la poblaci\u00f3n en la comunidad Mundo Nuevo de Coatzacoalcos es de competencia federal, de Profepa, que ya hizo sus diligencias y tendr\u00e1n que presentar los resultados.<\/p>\n<p>El funcionario coment\u00f3 que la dependencia a su cargo pondr\u00e1 a un laboratorio para que monitoree el tema de contaminaci\u00f3n, en este caso de emisiones.<\/p>\n<p>&#8220;Hicimos un proceso democr\u00e1tico hace como dos semanas con la comunidad de Mundo Nuevo, donde ellos eligieron el laboratorio, se presentaron tres laboratorios, algo as\u00ed como una licitaci\u00f3n, que va monitorear emisiones, con estaciones de monitoreo y los resultados van acompa\u00f1ados de una denuncia con las autoridades competentes&#8221;, coment\u00f3.<\/p>\n<p>El funcionario dio a conocer que los monitoreos no son de un d\u00eda para otro, sino que lleva tiempo, meses, para obtener informaci\u00f3n veraz y fidedigno, por lo que podr\u00eda comenzar la pr\u00f3xima semana.<\/p>\n<p>La empresa contaminante, dijo, puede ser cualquiera asentada en la regi\u00f3n, por lo que es tema de Profepa y Conagua.<\/p>\n","protected":false},"excerpt":{"rendered":"<p>Dar\u00edo Pale Xalapa, Ver.- El titular de la Procuradur\u00eda Estatal del Medio Ambiente del Estado de Veracruz, \u00c1ngel Carrizales L\u00f3pez, manifest\u00f3 que el tema de contaminaci\u00f3n ambiental y los da\u00f1os a la poblaci\u00f3n en la comunidad Mundo Nuevo de Coatzacoalcos es de competencia federal, de Profepa, que ya hizo sus diligencias y tendr\u00e1n que presentar [&hellip;]<\/p>\n","protected":false},"author":2476,"featured_media":71159,"comment_status":"open","ping_status":"open","sticky":false,"template":"","format":"standard","meta":{"_jetpack_memberships_contains_paid_content":false,"footnotes":""},"categories":[2],"tags":[],"class_list":["post-71158","post","type-post","status-publish","format-standard","has-post-thumbnail","hentry","category-estado"],"jetpack_featured_media_url":"https:\/\/encuentroinformativo.com.mx\/wp-content\/uploads\/2025\/09\/IMG-20250922-WA0125.jpg","jetpack_sharing_enabled":true,"jetpack_likes_enabled":true,"amp_enabled":true,"_links":{"self":[{"href":"https:\/\/encuentroinformativo.com.mx\/index.php?rest_route=\/wp\/v2\/posts\/71158","targetHints":{"allow":["GET"]}}],"collection":[{"href":"https:\/\/encuentroinformativo.com.mx\/index.php?rest_route=\/wp\/v2\/posts"}],"about":[{"href":"https:\/\/encuentroinformativo.com.mx\/index.php?rest_route=\/wp\/v2\/types\/post"}],"author":[{"embeddable":true,"href":"https:\/\/encuentroinformativo.com.mx\/index.php?rest_route=\/wp\/v2\/users\/2476"}],"replies":[{"embeddable":true,"href":"https:\/\/encuentroinformativo.com.mx\/index.php?rest_route=%2Fwp%2Fv2%2Fcomments&post=71158"}],"version-history":[{"count":1,"href":"https:\/\/encuentroinformativo.com.mx\/index.php?rest_route=\/wp\/v2\/posts\/71158\/revisions"}],"predecessor-version":[{"id":71160,"href":"https:\/\/encuentroinformativo.com.mx\/index.php?rest_route=\/wp\/v2\/posts\/71158\/revisions\/71160"}],"wp:featuredmedia":[{"embeddable":true,"href":"https:\/\/encuentroinformativo.com.mx\/index.php?rest_route=\/wp\/v2\/media\/71159"}],"wp:attachment":[{"href":"https:\/\/encuentroinformativo.com.mx\/index.php?rest_route=%2Fwp%2Fv2%2Fmedia&parent=71158"}],"wp:term":[{"taxonomy":"category","embeddable":true,"href":"https:\/\/encuentroinformativo.com.mx\/index.php?rest_route=%2Fwp%2Fv2%2Fcategories&post=71158"},{"taxonomy":"post_tag","embeddable":true,"href":"https:\/\/encuentroinformativo.com.mx\/index.php?rest_route=%2Fwp%2Fv2%2Ftags&post=71158"}],"curies":[{"name":"wp","href":"https:\/\/api.w.org\/{rel}","templated":true}]}}