{"id":71164,"date":"2025-09-22T14:53:14","date_gmt":"2025-09-22T20:53:14","guid":{"rendered":"https:\/\/encuentroinformativo.com.mx\/?p=71164"},"modified":"2025-09-22T14:53:14","modified_gmt":"2025-09-22T20:53:14","slug":"rescatara-gobierno-malecon-de-coatzacoalcos-rocio-nahle","status":"publish","type":"post","link":"https:\/\/encuentroinformativo.com.mx\/?p=71164","title":{"rendered":"Rescatar\u00e1 Gobierno malec\u00f3n de Coatzacoalcos: Roc\u00edo Nahle"},"content":{"rendered":"<p><strong>Dar\u00edo Pale<\/strong><\/p>\n<p>Xalapa, Ver.- El gobierno del estado de Veracruz tiene previsto rescatar el Malec\u00f3n de Coatzacoalcos, un proyecto que busca no solo embellecer la zona, sino tambi\u00e9n protegerla de los embates del mar y mejorar la infraestructura de la ciudad, as\u00ed lo dio a conocer la gobernadora Norma Roc\u00edo Nahle Garc\u00eda.<\/p>\n<p>\u201cSe tiene que rescatar, est\u00e1 muy deteriorado, una gran parte, nos hicieron tres proyectos, se ha ido puliendo el proyecto, ya est\u00e1, el \u00faltimo ya est\u00e1, salieron cosas muy interesantes porque se meti\u00f3 ingenier\u00eda, yo ped\u00ed que se metiera esta empresa holandesa que ha trabajado en otras partes del mundo\u201d, se\u00f1al\u00f3.<\/p>\n<p>Se han realizado estudios y proyectos para determinar la mejor manera de rescatar el Malec\u00f3n, incluyendo la construcci\u00f3n de escolleras y la reforestaci\u00f3n de la zona con pinos que ayuden a contener los embates del norte.<\/p>\n<p>\u201cNosotros tenemos ah\u00ed un golpe muy fuerte de norte donde la playa, pr\u00e1cticamente la arena, invade, es una constante, a diferencia del puerto de Veracruz, el puerto de Veracruz la playa es m\u00e1s chica y, por ejemplo, tiene estas escolleras Escolleras, y all\u00e1 no hay escolleras m\u00e1s que una\u201d, agreg\u00f3.<\/p>\n<p>El proyecto se dividir\u00e1 en cuatro tramos y se espera que comience este a\u00f1o con los primeros tramos. Adem\u00e1s, se est\u00e1 trabajando en un estudio de drenajes para toda la ciudad de Coatzacoalcos, ya que hay zonas donde no hay drenajes o est\u00e1n fracturados.<\/p>\n<p>\u201cEstaba muy deteriorada, muy deteriorada, empezar tambi\u00e9n en Malec\u00f3n, las traemos un estudio muy grande en todo Coatzacoalcos de drenajes porque est\u00e1n fracturados, hay zonas donde no hay drenajes, entonces es todo un estudio y ah\u00ed va el Malec\u00f3n y el Malec\u00f3n s\u00ed estamos en posibilidades de que empiecen este a\u00f1o, pues con los primeros tramos porque se va a dividir en cuatro tramos que empiece en este a\u00f1o ya\u201d, coment\u00f3.<\/p>\n<p>La inversi\u00f3n para el proyecto a\u00fan no se ha determinado, pero se espera que sea significativa, ya que se busca no solo rescatar el Malec\u00f3n, sino tambi\u00e9n proteger la playa y mejorar la infraestructura de la ciudad.<\/p>\n<p>Finalmente la gobernadora destac\u00f3 que el proyecto es importante para la ciudad y que se est\u00e1 trabajando para que se haga realidad.<\/p>\n","protected":false},"excerpt":{"rendered":"<p>Dar\u00edo Pale Xalapa, Ver.- El gobierno del estado de Veracruz tiene previsto rescatar el Malec\u00f3n de Coatzacoalcos, un proyecto que busca no solo embellecer la zona, sino tambi\u00e9n protegerla de los embates del mar y mejorar la infraestructura de la ciudad, as\u00ed lo dio a conocer la gobernadora Norma Roc\u00edo Nahle Garc\u00eda. \u201cSe tiene que [&hellip;]<\/p>\n","protected":false},"author":2476,"featured_media":71165,"comment_status":"open","ping_status":"open","sticky":false,"template":"","format":"standard","meta":{"_jetpack_memberships_contains_paid_content":false,"footnotes":""},"categories":[2],"tags":[],"class_list":["post-71164","post","type-post","status-publish","format-standard","has-post-thumbnail","hentry","category-estado"],"jetpack_featured_media_url":"https:\/\/encuentroinformativo.com.mx\/wp-content\/uploads\/2025\/09\/IMG-20250922-WA02263.jpg","jetpack_sharing_enabled":true,"jetpack_likes_enabled":true,"amp_enabled":true,"_links":{"self":[{"href":"https:\/\/encuentroinformativo.com.mx\/index.php?rest_route=\/wp\/v2\/posts\/71164","targetHints":{"allow":["GET"]}}],"collection":[{"href":"https:\/\/encuentroinformativo.com.mx\/index.php?rest_route=\/wp\/v2\/posts"}],"about":[{"href":"https:\/\/encuentroinformativo.com.mx\/index.php?rest_route=\/wp\/v2\/types\/post"}],"author":[{"embeddable":true,"href":"https:\/\/encuentroinformativo.com.mx\/index.php?rest_route=\/wp\/v2\/users\/2476"}],"replies":[{"embeddable":true,"href":"https:\/\/encuentroinformativo.com.mx\/index.php?rest_route=%2Fwp%2Fv2%2Fcomments&post=71164"}],"version-history":[{"count":1,"href":"https:\/\/encuentroinformativo.com.mx\/index.php?rest_route=\/wp\/v2\/posts\/71164\/revisions"}],"predecessor-version":[{"id":71166,"href":"https:\/\/encuentroinformativo.com.mx\/index.php?rest_route=\/wp\/v2\/posts\/71164\/revisions\/71166"}],"wp:featuredmedia":[{"embeddable":true,"href":"https:\/\/encuentroinformativo.com.mx\/index.php?rest_route=\/wp\/v2\/media\/71165"}],"wp:attachment":[{"href":"https:\/\/encuentroinformativo.com.mx\/index.php?rest_route=%2Fwp%2Fv2%2Fmedia&parent=71164"}],"wp:term":[{"taxonomy":"category","embeddable":true,"href":"https:\/\/encuentroinformativo.com.mx\/index.php?rest_route=%2Fwp%2Fv2%2Fcategories&post=71164"},{"taxonomy":"post_tag","embeddable":true,"href":"https:\/\/encuentroinformativo.com.mx\/index.php?rest_route=%2Fwp%2Fv2%2Ftags&post=71164"}],"curies":[{"name":"wp","href":"https:\/\/api.w.org\/{rel}","templated":true}]}}