{"id":71190,"date":"2025-09-23T12:09:35","date_gmt":"2025-09-23T18:09:35","guid":{"rendered":"https:\/\/encuentroinformativo.com.mx\/?p=71190"},"modified":"2025-09-23T12:09:35","modified_gmt":"2025-09-23T18:09:35","slug":"le-da-un-infarto-mientras-conducia-frente-a-transito-en-boca-del-rio","status":"publish","type":"post","link":"https:\/\/encuentroinformativo.com.mx\/?p=71190","title":{"rendered":"Le da un infarto mientras conduc\u00eda frente a Tr\u00e1nsito en Boca del R\u00edo"},"content":{"rendered":"<p><strong>Alejandro \u00c1vila<\/strong><\/p>\n<p>Boca del R\u00edo, Ver.- Un sujeto perdi\u00f3 la vida de un infarto fulminante mientras conduc\u00eda su veh\u00edculo sobre el bulevard &#8220;Miguel Alem\u00e1n&#8221; a la altura del la direcci\u00f3n de Tr\u00e1nsito de Boca del R\u00edo.<\/p>\n<p>El suceso registrado la ma\u00f1ana de este martes 23 de septiembre caus\u00f3 extra\u00f1eza entre los testigos, se presume que la persona tendr\u00eda aproximadamente 40 o 50 a\u00f1os de edad.<\/p>\n<p>El conductor manejaba su veh\u00edculo MG color blanco con placas YPD-496-B, sobre el carril de sur a norte, y tuvo la pericia de orillarse cuando se sent\u00eda mal para, posteriormente, recostarse en el asiento y dar su \u00faltimo suspiro.<\/p>\n<p>Al lugar de los hechos llegaron elementos de la Polic\u00eda Municipal quienes confirmaron la muerte del ciudadano; al momento no se tienen mayores datos sobre la identidad del ciudadano.<\/p>\n","protected":false},"excerpt":{"rendered":"<p>Alejandro \u00c1vila Boca del R\u00edo, Ver.- Un sujeto perdi\u00f3 la vida de un infarto fulminante mientras conduc\u00eda su veh\u00edculo sobre el bulevard &#8220;Miguel Alem\u00e1n&#8221; a la altura del la direcci\u00f3n de Tr\u00e1nsito de Boca del R\u00edo. El suceso registrado la ma\u00f1ana de este martes 23 de septiembre caus\u00f3 extra\u00f1eza entre los testigos, se presume que [&hellip;]<\/p>\n","protected":false},"author":2476,"featured_media":71187,"comment_status":"open","ping_status":"open","sticky":false,"template":"","format":"standard","meta":{"_jetpack_memberships_contains_paid_content":false,"footnotes":""},"categories":[2],"tags":[],"class_list":["post-71190","post","type-post","status-publish","format-standard","has-post-thumbnail","hentry","category-estado"],"jetpack_featured_media_url":"https:\/\/encuentroinformativo.com.mx\/wp-content\/uploads\/2025\/09\/IMG-20250923-WA01002.jpg","jetpack_sharing_enabled":true,"jetpack_likes_enabled":true,"amp_enabled":true,"_links":{"self":[{"href":"https:\/\/encuentroinformativo.com.mx\/index.php?rest_route=\/wp\/v2\/posts\/71190","targetHints":{"allow":["GET"]}}],"collection":[{"href":"https:\/\/encuentroinformativo.com.mx\/index.php?rest_route=\/wp\/v2\/posts"}],"about":[{"href":"https:\/\/encuentroinformativo.com.mx\/index.php?rest_route=\/wp\/v2\/types\/post"}],"author":[{"embeddable":true,"href":"https:\/\/encuentroinformativo.com.mx\/index.php?rest_route=\/wp\/v2\/users\/2476"}],"replies":[{"embeddable":true,"href":"https:\/\/encuentroinformativo.com.mx\/index.php?rest_route=%2Fwp%2Fv2%2Fcomments&post=71190"}],"version-history":[{"count":1,"href":"https:\/\/encuentroinformativo.com.mx\/index.php?rest_route=\/wp\/v2\/posts\/71190\/revisions"}],"predecessor-version":[{"id":71192,"href":"https:\/\/encuentroinformativo.com.mx\/index.php?rest_route=\/wp\/v2\/posts\/71190\/revisions\/71192"}],"wp:featuredmedia":[{"embeddable":true,"href":"https:\/\/encuentroinformativo.com.mx\/index.php?rest_route=\/wp\/v2\/media\/71187"}],"wp:attachment":[{"href":"https:\/\/encuentroinformativo.com.mx\/index.php?rest_route=%2Fwp%2Fv2%2Fmedia&parent=71190"}],"wp:term":[{"taxonomy":"category","embeddable":true,"href":"https:\/\/encuentroinformativo.com.mx\/index.php?rest_route=%2Fwp%2Fv2%2Fcategories&post=71190"},{"taxonomy":"post_tag","embeddable":true,"href":"https:\/\/encuentroinformativo.com.mx\/index.php?rest_route=%2Fwp%2Fv2%2Ftags&post=71190"}],"curies":[{"name":"wp","href":"https:\/\/api.w.org\/{rel}","templated":true}]}}