{"id":71199,"date":"2025-09-23T14:49:55","date_gmt":"2025-09-23T20:49:55","guid":{"rendered":"https:\/\/encuentroinformativo.com.mx\/?p=71199"},"modified":"2025-09-23T14:49:55","modified_gmt":"2025-09-23T20:49:55","slug":"aumentan-casos-de-cancer-de-mama-en-mujeres-jovenes-lepach","status":"publish","type":"post","link":"https:\/\/encuentroinformativo.com.mx\/?p=71199","title":{"rendered":"Aumentan casos de c\u00e1ncer de mama en mujeres j\u00f3venes: Lepach"},"content":{"rendered":"<p><strong>Dar\u00edo Pale<\/strong><\/p>\n<p>Xalapa, Ver.- La presidenta de la Fundaci\u00f3n Lepach, Elia Mar\u00eda Beltr\u00e1n Coronel dio a conocer que los casos de c\u00e1ncer de mama cada vez son m\u00e1s frecuentes en mujeres m\u00e1s j\u00f3venes, lo que es un tema preocupante. &#8220;Desgraciadamente, hemos notado que los casos de c\u00e1ncer de mama cada vez son en mujeres m\u00e1s j\u00f3venes&#8221;,<\/p>\n<p>&#8220;Entonces, por eso queremos llegar a las nuevas generaciones, a las madres, a las hijas, a las abuelas, que todas estemos informadas, que aprendamos a autoexplorarnos, a conocer nuestro cuerpo&#8221;, se\u00f1al\u00f3.<\/p>\n<p>Se\u00f1al\u00f3 que se debe estar alerta a cualquier signo o s\u00edntoma para acudir con el m\u00e9dico de confianza y poder detectar los casos a tiempo.<\/p>\n<p>\u201cHay casos desde los 25, 24 a\u00f1os, la mastograf\u00eda es recomendada a partir de los 40 a\u00f1os, pero s\u00ed se han visto que a los 20 se han dado varios casos que eso es lo preocupante, que hablemos con nuestras hijas, nuestras nietas, nuestras sobrinas y hermanas de que hay que tener la responsabilidad de autoexplorarse\u201d, coment\u00f3.<\/p>\n<p>La directora de la fundaci\u00f3n enfatiz\u00f3 la importancia de la autoexploraci\u00f3n y el chequeo m\u00e9dico regular para detectar el c\u00e1ncer de mama en etapas tempranas. Tambi\u00e9n destac\u00f3 la importancia de tener h\u00e1bitos saludables, como una alimentaci\u00f3n sana y ejercicio regular, para prevenir la enfermedad.<\/p>\n<p>Elia Mar\u00eda Beltr\u00e1n, dijo que el c\u00e1ncer de mama es la principal causa de muerte en mujeres en M\u00e9xico y una de las enfermedades m\u00e1s frecuentes en la poblaci\u00f3n femenina.<\/p>\n<p>La fundaci\u00f3n ha organizado una &#8220;Noche Rosa&#8221; el 16 de octubre, en la que se ofrecer\u00e1n pl\u00e1ticas informativas sobre el c\u00e1ncer de mama y se realizar\u00e1n actividades de recaudaci\u00f3n de fondos. Adem\u00e1s, el 19 de octubre se llevar\u00e1 a cabo el &#8220;Tren Zat\u00f3n&#8221;, un evento en el que se ofrecer\u00e1n cortes de cabello gratuitos y se recaudar\u00e1n donativos para la elaboraci\u00f3n de pelucas para pacientes con c\u00e1ncer de mama.<\/p>\n<p>Finalmente dieron a conocer que buscan recaudar fondos para apoyar a las pacientes con c\u00e1ncer de mama y ofrecerles pelucas y cremas que les ayuden durante su tratamiento. Con estos eventos, buscan concienciar sobre la importancia de la prevenci\u00f3n y el apoyo a las pacientes con c\u00e1ncer de mama.<\/p>\n","protected":false},"excerpt":{"rendered":"<p>Dar\u00edo Pale Xalapa, Ver.- La presidenta de la Fundaci\u00f3n Lepach, Elia Mar\u00eda Beltr\u00e1n Coronel dio a conocer que los casos de c\u00e1ncer de mama cada vez son m\u00e1s frecuentes en mujeres m\u00e1s j\u00f3venes, lo que es un tema preocupante. &#8220;Desgraciadamente, hemos notado que los casos de c\u00e1ncer de mama cada vez son en mujeres m\u00e1s [&hellip;]<\/p>\n","protected":false},"author":2476,"featured_media":71198,"comment_status":"open","ping_status":"open","sticky":false,"template":"","format":"standard","meta":{"_jetpack_memberships_contains_paid_content":false,"footnotes":""},"categories":[9],"tags":[],"class_list":["post-71199","post","type-post","status-publish","format-standard","has-post-thumbnail","hentry","category-salud"],"jetpack_featured_media_url":"https:\/\/encuentroinformativo.com.mx\/wp-content\/uploads\/2025\/09\/IMG-20250923-WA0111.jpg","jetpack_sharing_enabled":true,"jetpack_likes_enabled":true,"amp_enabled":true,"_links":{"self":[{"href":"https:\/\/encuentroinformativo.com.mx\/index.php?rest_route=\/wp\/v2\/posts\/71199","targetHints":{"allow":["GET"]}}],"collection":[{"href":"https:\/\/encuentroinformativo.com.mx\/index.php?rest_route=\/wp\/v2\/posts"}],"about":[{"href":"https:\/\/encuentroinformativo.com.mx\/index.php?rest_route=\/wp\/v2\/types\/post"}],"author":[{"embeddable":true,"href":"https:\/\/encuentroinformativo.com.mx\/index.php?rest_route=\/wp\/v2\/users\/2476"}],"replies":[{"embeddable":true,"href":"https:\/\/encuentroinformativo.com.mx\/index.php?rest_route=%2Fwp%2Fv2%2Fcomments&post=71199"}],"version-history":[{"count":1,"href":"https:\/\/encuentroinformativo.com.mx\/index.php?rest_route=\/wp\/v2\/posts\/71199\/revisions"}],"predecessor-version":[{"id":71200,"href":"https:\/\/encuentroinformativo.com.mx\/index.php?rest_route=\/wp\/v2\/posts\/71199\/revisions\/71200"}],"wp:featuredmedia":[{"embeddable":true,"href":"https:\/\/encuentroinformativo.com.mx\/index.php?rest_route=\/wp\/v2\/media\/71198"}],"wp:attachment":[{"href":"https:\/\/encuentroinformativo.com.mx\/index.php?rest_route=%2Fwp%2Fv2%2Fmedia&parent=71199"}],"wp:term":[{"taxonomy":"category","embeddable":true,"href":"https:\/\/encuentroinformativo.com.mx\/index.php?rest_route=%2Fwp%2Fv2%2Fcategories&post=71199"},{"taxonomy":"post_tag","embeddable":true,"href":"https:\/\/encuentroinformativo.com.mx\/index.php?rest_route=%2Fwp%2Fv2%2Ftags&post=71199"}],"curies":[{"name":"wp","href":"https:\/\/api.w.org\/{rel}","templated":true}]}}