{"id":71207,"date":"2025-09-23T15:24:28","date_gmt":"2025-09-23T21:24:28","guid":{"rendered":"https:\/\/encuentroinformativo.com.mx\/?p=71207"},"modified":"2025-09-23T15:24:28","modified_gmt":"2025-09-23T21:24:28","slug":"cuestiona-pt-presuntos-conflictos-al-interior-de-la-secretaria-de-educacion","status":"publish","type":"post","link":"https:\/\/encuentroinformativo.com.mx\/?p=71207","title":{"rendered":"Cuestiona PT presuntos conflictos al interior de la Secretar\u00eda de Educaci\u00f3n"},"content":{"rendered":"<p><strong>Dar\u00edo Pale<\/strong><\/p>\n<p>Xalapa, Ver.- El Partido del Trabajo (PT) critic\u00f3 duramente a la Secretar\u00eda de Educaci\u00f3n por los conflictos internos y la falta de di\u00e1logo con los sindicatos y trabajadores.<\/p>\n<p>Seg\u00fan Vicente Aguilar, coordinador de la Comisi\u00f3n Ejecutiva Estatal del PT, la secretar\u00eda tiene problemas para resolver los conflictos y no ha sido capaz de dialogar de manera efectiva con los sindicatos.<\/p>\n<p>Aguilar se\u00f1al\u00f3 que la Secretar\u00eda de Educaci\u00f3n est\u00e1 corriendo a trabajadores eficientes y experimentados para dar paso a j\u00f3venes sin experiencia, lo que podr\u00eda ser un intento de crear una estructura propia para fines pol\u00edticos.<\/p>\n<p>&#8220;No s\u00e9 si quiere hacer una estructura propia, desconozco, pero hay que preguntarle a ella si quiere hacer una estructura y si tiene alguna ambici\u00f3n pol\u00edtica&#8221;, afirm\u00f3.<\/p>\n<p>El dirigente del PT tambi\u00e9n critic\u00f3 la falta de di\u00e1logo y la forma en que se est\u00e1n llevando a cabo las comparecencias en el Congreso del Estado.<\/p>\n<p>&#8220;Deben ser \u00e1giles y precisas, no nada m\u00e1s h\u00e1biles, sino en su contenido preciso&#8221;, se\u00f1al\u00f3. Aguilar destac\u00f3 que la modernidad exige una rendici\u00f3n de cuentas transparente y eficiente.<\/p>\n<p>Aguilar invit\u00f3 a la secretaria de Educaci\u00f3n a dialogar con los sindicatos y trabajadores para encontrar soluciones a los problemas y evitar m\u00e1s conflictos.<\/p>\n<p>&#8220;Hay que dialogar para tratar de entendernos y llegar a acuerdos&#8221;, afirm\u00f3. Tambi\u00e9n sugiri\u00f3 que la secretaria deber\u00eda analizar y reflexionar sobre sus decisiones antes de tomar medidas que afecten a los trabajadores y sindicatos.<\/p>\n<p>En cuanto a la presidenta Claudia Sheinbaum, el PT expres\u00f3 su confianza en su capacidad para gobernar y su compromiso con la justicia y la transparencia. &#8220;Estamos seguros que le va a responder bien y que va a operar sus polic\u00edas y la competencia jurisdiccional para efecto de encontrar a los delincuentes&#8221;, se\u00f1al\u00f3.<\/p>\n<p>El PT tambi\u00e9n se refiri\u00f3 a la situaci\u00f3n en las escuelas de nivel serrano que carecen de maestros y destac\u00f3 la importancia de resolver este problema para garantizar la educaci\u00f3n de calidad para todos los estudiantes.<\/p>\n","protected":false},"excerpt":{"rendered":"<p>Dar\u00edo Pale Xalapa, Ver.- El Partido del Trabajo (PT) critic\u00f3 duramente a la Secretar\u00eda de Educaci\u00f3n por los conflictos internos y la falta de di\u00e1logo con los sindicatos y trabajadores. Seg\u00fan Vicente Aguilar, coordinador de la Comisi\u00f3n Ejecutiva Estatal del PT, la secretar\u00eda tiene problemas para resolver los conflictos y no ha sido capaz de [&hellip;]<\/p>\n","protected":false},"author":2476,"featured_media":71208,"comment_status":"open","ping_status":"open","sticky":false,"template":"","format":"standard","meta":{"_jetpack_memberships_contains_paid_content":false,"footnotes":""},"categories":[2],"tags":[],"class_list":["post-71207","post","type-post","status-publish","format-standard","has-post-thumbnail","hentry","category-estado"],"jetpack_featured_media_url":"https:\/\/encuentroinformativo.com.mx\/wp-content\/uploads\/2025\/09\/IMG-20250923-WA0294.jpg","jetpack_sharing_enabled":true,"jetpack_likes_enabled":true,"amp_enabled":true,"_links":{"self":[{"href":"https:\/\/encuentroinformativo.com.mx\/index.php?rest_route=\/wp\/v2\/posts\/71207","targetHints":{"allow":["GET"]}}],"collection":[{"href":"https:\/\/encuentroinformativo.com.mx\/index.php?rest_route=\/wp\/v2\/posts"}],"about":[{"href":"https:\/\/encuentroinformativo.com.mx\/index.php?rest_route=\/wp\/v2\/types\/post"}],"author":[{"embeddable":true,"href":"https:\/\/encuentroinformativo.com.mx\/index.php?rest_route=\/wp\/v2\/users\/2476"}],"replies":[{"embeddable":true,"href":"https:\/\/encuentroinformativo.com.mx\/index.php?rest_route=%2Fwp%2Fv2%2Fcomments&post=71207"}],"version-history":[{"count":1,"href":"https:\/\/encuentroinformativo.com.mx\/index.php?rest_route=\/wp\/v2\/posts\/71207\/revisions"}],"predecessor-version":[{"id":71209,"href":"https:\/\/encuentroinformativo.com.mx\/index.php?rest_route=\/wp\/v2\/posts\/71207\/revisions\/71209"}],"wp:featuredmedia":[{"embeddable":true,"href":"https:\/\/encuentroinformativo.com.mx\/index.php?rest_route=\/wp\/v2\/media\/71208"}],"wp:attachment":[{"href":"https:\/\/encuentroinformativo.com.mx\/index.php?rest_route=%2Fwp%2Fv2%2Fmedia&parent=71207"}],"wp:term":[{"taxonomy":"category","embeddable":true,"href":"https:\/\/encuentroinformativo.com.mx\/index.php?rest_route=%2Fwp%2Fv2%2Fcategories&post=71207"},{"taxonomy":"post_tag","embeddable":true,"href":"https:\/\/encuentroinformativo.com.mx\/index.php?rest_route=%2Fwp%2Fv2%2Ftags&post=71207"}],"curies":[{"name":"wp","href":"https:\/\/api.w.org\/{rel}","templated":true}]}}