{"id":7121,"date":"2020-10-20T14:19:54","date_gmt":"2020-10-20T19:19:54","guid":{"rendered":"https:\/\/encuentroinformativo.com.mx\/?p=7121"},"modified":"2020-10-20T14:20:25","modified_gmt":"2020-10-20T19:20:25","slug":"empezaran-de-cero-comerciantes-del-parque-juarez","status":"publish","type":"post","link":"https:\/\/encuentroinformativo.com.mx\/?p=7121","title":{"rendered":"Empezar\u00e1n de cero comerciantes del parque Ju\u00e1rez"},"content":{"rendered":"\n<p><strong>Dar\u00edo Pale <\/strong><\/p>\n\n\n\n<p>Xalapa, Ver.- Durante los siete meses que ha permanecido cerrado el parque Ju\u00e1rez debido a la Pandemia, han fallecido tres de los locatarios y debido a las p\u00e9rdidas que han sufrido muchos no podr\u00e1n abrir sus casetas, as\u00ed lo dio a conocer la\u00a0secretaria general\u00a0 de los vendedores fijos y semifijos del parque Ju\u00e1rez, Yolanda Romero Rojas.<\/p>\n\n\n\n<p>Entrevistada en los pasillos de conocido caf\u00e9 del centro de Xalapa, dio a conocer que\u00a0luego de siete meses de permanecer cerrado el parque perdieron toda la inversi\u00f3n que ten\u00edan por\u00a0 lo cual tienen que empezar de nuevo, por lo\u00a0que el d\u00eda de ma\u00f1ana muchos no van a poder abrir sus negocios debido a que se necesita una gran inversi\u00f3n para poder surtirse de mercanc\u00eda.<\/p>\n\n\n\n<p>\u201cMuchos no van abrir y qui\u00e9nes abran ser\u00e1 con muy poca mercanc\u00eda ya que no tienen dinero\u00a0 y las pocas pertenencias de valor que ten\u00edan est\u00e1n en el empe\u00f1o&#8221;, coment\u00f3.<\/p>\n\n\n\n<p>As\u00ed mismo dijo que ahora el ayuntamiento les est\u00e1 cobrando por pago del impuesto de la boleta el cual no hab\u00edan cobrado desde administraciones pasadas y ahora qu\u00e9 no tienen un sustento quieren cobrarlo cuando apenas se van a empezar a vender de nuevo, \u201cnos est\u00e1n pidiendo que paguemos\u00a0 en 15 d\u00edas, tenemos unos funcionarios inhumanos&#8221;.<\/p>\n\n\n\n<p>Finalmente dio a conocer que durante estos siete meses perdieron alrededor de 7 a 8 mil pesos mensuales mientras se mantuvo cerrado el parque, por lo cual ahora no tienen c\u00f3mo pagar al municipio.<\/p>\n\n\n\n<figure class=\"wp-block-image size-large\"><img loading=\"lazy\" decoding=\"async\" width=\"1024\" height=\"682\" src=\"https:\/\/encuentroinformativo.com.mx\/wp-content\/uploads\/2020\/10\/87CD38E3-7ACA-4692-AE16-EBCC69BB15F7-1024x682.jpeg\" alt=\"\" class=\"wp-image-7123\" srcset=\"https:\/\/encuentroinformativo.com.mx\/wp-content\/uploads\/2020\/10\/87CD38E3-7ACA-4692-AE16-EBCC69BB15F7-1024x682.jpeg 1024w, https:\/\/encuentroinformativo.com.mx\/wp-content\/uploads\/2020\/10\/87CD38E3-7ACA-4692-AE16-EBCC69BB15F7-300x200.jpeg 300w, https:\/\/encuentroinformativo.com.mx\/wp-content\/uploads\/2020\/10\/87CD38E3-7ACA-4692-AE16-EBCC69BB15F7-768x512.jpeg 768w, https:\/\/encuentroinformativo.com.mx\/wp-content\/uploads\/2020\/10\/87CD38E3-7ACA-4692-AE16-EBCC69BB15F7.jpeg 1280w\" sizes=\"auto, (max-width: 1024px) 100vw, 1024px\" \/><\/figure>\n","protected":false},"excerpt":{"rendered":"<p>Dar\u00edo Pale Xalapa, Ver.- Durante los siete meses que ha permanecido cerrado el parque Ju\u00e1rez debido a la Pandemia, han fallecido tres de los locatarios y debido a las p\u00e9rdidas que han sufrido muchos no podr\u00e1n abrir sus casetas, as\u00ed lo dio a conocer la\u00a0secretaria general\u00a0 de los vendedores fijos y semifijos del parque Ju\u00e1rez, [&hellip;]<\/p>\n","protected":false},"author":1,"featured_media":7122,"comment_status":"open","ping_status":"open","sticky":false,"template":"","format":"standard","meta":{"_jetpack_memberships_contains_paid_content":false,"footnotes":""},"categories":[3],"tags":[],"class_list":["post-7121","post","type-post","status-publish","format-standard","has-post-thumbnail","hentry","category-xalapa"],"jetpack_featured_media_url":"https:\/\/encuentroinformativo.com.mx\/wp-content\/uploads\/2020\/10\/1B629DD5-70AE-4766-B5B1-17B488C06C2E.jpeg","jetpack_sharing_enabled":true,"jetpack_likes_enabled":true,"amp_enabled":true,"_links":{"self":[{"href":"https:\/\/encuentroinformativo.com.mx\/index.php?rest_route=\/wp\/v2\/posts\/7121","targetHints":{"allow":["GET"]}}],"collection":[{"href":"https:\/\/encuentroinformativo.com.mx\/index.php?rest_route=\/wp\/v2\/posts"}],"about":[{"href":"https:\/\/encuentroinformativo.com.mx\/index.php?rest_route=\/wp\/v2\/types\/post"}],"author":[{"embeddable":true,"href":"https:\/\/encuentroinformativo.com.mx\/index.php?rest_route=\/wp\/v2\/users\/1"}],"replies":[{"embeddable":true,"href":"https:\/\/encuentroinformativo.com.mx\/index.php?rest_route=%2Fwp%2Fv2%2Fcomments&post=7121"}],"version-history":[{"count":1,"href":"https:\/\/encuentroinformativo.com.mx\/index.php?rest_route=\/wp\/v2\/posts\/7121\/revisions"}],"predecessor-version":[{"id":7124,"href":"https:\/\/encuentroinformativo.com.mx\/index.php?rest_route=\/wp\/v2\/posts\/7121\/revisions\/7124"}],"wp:featuredmedia":[{"embeddable":true,"href":"https:\/\/encuentroinformativo.com.mx\/index.php?rest_route=\/wp\/v2\/media\/7122"}],"wp:attachment":[{"href":"https:\/\/encuentroinformativo.com.mx\/index.php?rest_route=%2Fwp%2Fv2%2Fmedia&parent=7121"}],"wp:term":[{"taxonomy":"category","embeddable":true,"href":"https:\/\/encuentroinformativo.com.mx\/index.php?rest_route=%2Fwp%2Fv2%2Fcategories&post=7121"},{"taxonomy":"post_tag","embeddable":true,"href":"https:\/\/encuentroinformativo.com.mx\/index.php?rest_route=%2Fwp%2Fv2%2Ftags&post=7121"}],"curies":[{"name":"wp","href":"https:\/\/api.w.org\/{rel}","templated":true}]}}