{"id":71233,"date":"2025-09-24T12:13:38","date_gmt":"2025-09-24T18:13:38","guid":{"rendered":"https:\/\/encuentroinformativo.com.mx\/?p=71233"},"modified":"2025-09-24T12:13:38","modified_gmt":"2025-09-24T18:13:38","slug":"padres-temen-derrumbe-en-kinder-reclaman-realizar-reparaciones","status":"publish","type":"post","link":"https:\/\/encuentroinformativo.com.mx\/?p=71233","title":{"rendered":"Padres temen derrumbe en kinder, reclaman realizar reparaciones"},"content":{"rendered":"<p><strong>Dar\u00edo Pale<\/strong><\/p>\n<p>Xalapa, Ver.- Padres de familia del Jard\u00edn de Ni\u00f1os &#8220;Jos\u00e9 Mar\u00eda Morelos y Pav\u00f3n&#8221; ubicado en la calle Clavijero en Xalapa, denunciaron que el plantel tiene varias afectaciones en su estructura, como goteras en el techo, grietas en las paredes, piso levantado, \u00e1rboles deteriorados y adem\u00e1s prev\u00e9n un posible derrumbe, as\u00ed lo dio a conocer la se\u00f1ora Natasha Vel\u00e1zquez.<\/p>\n<p>Esta ma\u00f1ana los padres y madres tomaron la escuela para exigir que se realicen trabajos de reparaci\u00f3n y aunque admiten que desde ayer se hacen labores de rehabilitaci\u00f3n por parte de la Direcci\u00f3n, no est\u00e1n de acuerdo con estos.<\/p>\n<p>&#8220;Tenemos una filtraci\u00f3n fluvial y el \u00e1rbol que est\u00e1 aqu\u00ed a mis espaldas, que ya es un \u00e1rbol muy viejo y corre el riesgo de poder caerse&#8221;, se\u00f1alaron.<\/p>\n<p>Ante esta situaci\u00f3n, piden la intervenci\u00f3n de autoridades de la SEV para que se hagan los trabajos correspondientes.<\/p>\n<p>&#8220;A las autoridades de m\u00e1s arriba y hoy por la tarde nos dar\u00e1n una respuesta, nosotros nada m\u00e1s nos hab\u00edamos entendido con la directora del jard\u00edn, pero bueno, al ver que no ten\u00edamos una respuesta buena de parte de ella quedamos en tomar la escuela&#8221;.<\/p>\n<p>Asimismo aclararon que ellos son padres de familia de nuevo ingreso, sin embargo, los directivos ya ten\u00edan conocimiento de estos da\u00f1os.<\/p>\n<p>Finalmente coment\u00f3 que, &#8220;nosotros somos nuevos, por as\u00ed decirlo, ahorita en este comit\u00e9, pero la directora obviamente ya tra\u00eda conocimiento de c\u00f3mo est\u00e1 la infraestructura un plan de trabajo que ella nos dio, pero la verdad no estamos satisfechos con lo que ella nos ofrece&#8221;.<\/p>\n","protected":false},"excerpt":{"rendered":"<p>Dar\u00edo Pale Xalapa, Ver.- Padres de familia del Jard\u00edn de Ni\u00f1os &#8220;Jos\u00e9 Mar\u00eda Morelos y Pav\u00f3n&#8221; ubicado en la calle Clavijero en Xalapa, denunciaron que el plantel tiene varias afectaciones en su estructura, como goteras en el techo, grietas en las paredes, piso levantado, \u00e1rboles deteriorados y adem\u00e1s prev\u00e9n un posible derrumbe, as\u00ed lo dio [&hellip;]<\/p>\n","protected":false},"author":2476,"featured_media":71234,"comment_status":"open","ping_status":"open","sticky":false,"template":"","format":"standard","meta":{"_jetpack_memberships_contains_paid_content":false,"footnotes":""},"categories":[3],"tags":[],"class_list":["post-71233","post","type-post","status-publish","format-standard","has-post-thumbnail","hentry","category-xalapa"],"jetpack_featured_media_url":"https:\/\/encuentroinformativo.com.mx\/wp-content\/uploads\/2025\/09\/IMG-20250924-WA0209.jpg","jetpack_sharing_enabled":true,"jetpack_likes_enabled":true,"amp_enabled":true,"_links":{"self":[{"href":"https:\/\/encuentroinformativo.com.mx\/index.php?rest_route=\/wp\/v2\/posts\/71233","targetHints":{"allow":["GET"]}}],"collection":[{"href":"https:\/\/encuentroinformativo.com.mx\/index.php?rest_route=\/wp\/v2\/posts"}],"about":[{"href":"https:\/\/encuentroinformativo.com.mx\/index.php?rest_route=\/wp\/v2\/types\/post"}],"author":[{"embeddable":true,"href":"https:\/\/encuentroinformativo.com.mx\/index.php?rest_route=\/wp\/v2\/users\/2476"}],"replies":[{"embeddable":true,"href":"https:\/\/encuentroinformativo.com.mx\/index.php?rest_route=%2Fwp%2Fv2%2Fcomments&post=71233"}],"version-history":[{"count":1,"href":"https:\/\/encuentroinformativo.com.mx\/index.php?rest_route=\/wp\/v2\/posts\/71233\/revisions"}],"predecessor-version":[{"id":71235,"href":"https:\/\/encuentroinformativo.com.mx\/index.php?rest_route=\/wp\/v2\/posts\/71233\/revisions\/71235"}],"wp:featuredmedia":[{"embeddable":true,"href":"https:\/\/encuentroinformativo.com.mx\/index.php?rest_route=\/wp\/v2\/media\/71234"}],"wp:attachment":[{"href":"https:\/\/encuentroinformativo.com.mx\/index.php?rest_route=%2Fwp%2Fv2%2Fmedia&parent=71233"}],"wp:term":[{"taxonomy":"category","embeddable":true,"href":"https:\/\/encuentroinformativo.com.mx\/index.php?rest_route=%2Fwp%2Fv2%2Fcategories&post=71233"},{"taxonomy":"post_tag","embeddable":true,"href":"https:\/\/encuentroinformativo.com.mx\/index.php?rest_route=%2Fwp%2Fv2%2Ftags&post=71233"}],"curies":[{"name":"wp","href":"https:\/\/api.w.org\/{rel}","templated":true}]}}