{"id":71236,"date":"2025-09-24T12:19:55","date_gmt":"2025-09-24T18:19:55","guid":{"rendered":"https:\/\/encuentroinformativo.com.mx\/?p=71236"},"modified":"2025-09-24T12:19:55","modified_gmt":"2025-09-24T18:19:55","slug":"trabajador-lesionado-tras-caer-de-una-altura-de-6-metros-al-interior-del-palacio-de-gobierno","status":"publish","type":"post","link":"https:\/\/encuentroinformativo.com.mx\/?p=71236","title":{"rendered":"Trabajador lesionado tras caer de una altura de 6 metros al interior del Palacio de Gobierno"},"content":{"rendered":"<p><strong>Dar\u00edo Pale<\/strong><\/p>\n<p>Xalapa, Ver.- Un trabajador cay\u00f3 al interior del palacio de Gobierno de una altura de seis o siete metros, cuando realizaba labores en la remodelaci\u00f3n del inmueble en materia de iluminaci\u00f3n<\/p>\n<p>Al lugar llegaron ambulancias de corporaciones como Centro Regulador de Urgencias M\u00e9dicas (CRUM) y del Grupo Panteras de la Secretar\u00eda de Seguridad P\u00fablica.<\/p>\n<p>Debido a los hechos, la obra fue suspendida por algunas horas, en tanto se mov\u00eda al trabajador lesionado, al momento se desconoce su estado de salud.<\/p>\n<p>Con este trabajador accidentado, ser\u00eda el tercer caso desde que comenz\u00f3 la remodelaci\u00f3n del Palacio.<\/p>\n<p>Como se recordar\u00e1, los otros dos casos sucedieron mientras hac\u00edan el raspado y pintura de la parte posterior del Palacio.<\/p>\n<p><img loading=\"lazy\" decoding=\"async\" class=\"aligncenter size-medium wp-image-71238\" src=\"https:\/\/encuentroinformativo.com.mx\/wp-content\/uploads\/2025\/09\/IMG-20250924-WA0217-300x222.jpg\" alt=\"\" width=\"300\" height=\"222\" srcset=\"https:\/\/encuentroinformativo.com.mx\/wp-content\/uploads\/2025\/09\/IMG-20250924-WA0217-300x222.jpg 300w, https:\/\/encuentroinformativo.com.mx\/wp-content\/uploads\/2025\/09\/IMG-20250924-WA0217-1024x757.jpg 1024w, https:\/\/encuentroinformativo.com.mx\/wp-content\/uploads\/2025\/09\/IMG-20250924-WA0217-768x568.jpg 768w, https:\/\/encuentroinformativo.com.mx\/wp-content\/uploads\/2025\/09\/IMG-20250924-WA0217.jpg 1196w\" sizes=\"auto, (max-width: 300px) 100vw, 300px\" \/><\/p>\n","protected":false},"excerpt":{"rendered":"<p>Dar\u00edo Pale Xalapa, Ver.- Un trabajador cay\u00f3 al interior del palacio de Gobierno de una altura de seis o siete metros, cuando realizaba labores en la remodelaci\u00f3n del inmueble en materia de iluminaci\u00f3n Al lugar llegaron ambulancias de corporaciones como Centro Regulador de Urgencias M\u00e9dicas (CRUM) y del Grupo Panteras de la Secretar\u00eda de Seguridad [&hellip;]<\/p>\n","protected":false},"author":2476,"featured_media":71237,"comment_status":"open","ping_status":"open","sticky":false,"template":"","format":"standard","meta":{"_jetpack_memberships_contains_paid_content":false,"footnotes":""},"categories":[3],"tags":[],"class_list":["post-71236","post","type-post","status-publish","format-standard","has-post-thumbnail","hentry","category-xalapa"],"jetpack_featured_media_url":"https:\/\/encuentroinformativo.com.mx\/wp-content\/uploads\/2025\/09\/IMG-20250924-WA0215.jpg","jetpack_sharing_enabled":true,"jetpack_likes_enabled":true,"amp_enabled":true,"_links":{"self":[{"href":"https:\/\/encuentroinformativo.com.mx\/index.php?rest_route=\/wp\/v2\/posts\/71236","targetHints":{"allow":["GET"]}}],"collection":[{"href":"https:\/\/encuentroinformativo.com.mx\/index.php?rest_route=\/wp\/v2\/posts"}],"about":[{"href":"https:\/\/encuentroinformativo.com.mx\/index.php?rest_route=\/wp\/v2\/types\/post"}],"author":[{"embeddable":true,"href":"https:\/\/encuentroinformativo.com.mx\/index.php?rest_route=\/wp\/v2\/users\/2476"}],"replies":[{"embeddable":true,"href":"https:\/\/encuentroinformativo.com.mx\/index.php?rest_route=%2Fwp%2Fv2%2Fcomments&post=71236"}],"version-history":[{"count":1,"href":"https:\/\/encuentroinformativo.com.mx\/index.php?rest_route=\/wp\/v2\/posts\/71236\/revisions"}],"predecessor-version":[{"id":71239,"href":"https:\/\/encuentroinformativo.com.mx\/index.php?rest_route=\/wp\/v2\/posts\/71236\/revisions\/71239"}],"wp:featuredmedia":[{"embeddable":true,"href":"https:\/\/encuentroinformativo.com.mx\/index.php?rest_route=\/wp\/v2\/media\/71237"}],"wp:attachment":[{"href":"https:\/\/encuentroinformativo.com.mx\/index.php?rest_route=%2Fwp%2Fv2%2Fmedia&parent=71236"}],"wp:term":[{"taxonomy":"category","embeddable":true,"href":"https:\/\/encuentroinformativo.com.mx\/index.php?rest_route=%2Fwp%2Fv2%2Fcategories&post=71236"},{"taxonomy":"post_tag","embeddable":true,"href":"https:\/\/encuentroinformativo.com.mx\/index.php?rest_route=%2Fwp%2Fv2%2Ftags&post=71236"}],"curies":[{"name":"wp","href":"https:\/\/api.w.org\/{rel}","templated":true}]}}