{"id":71246,"date":"2025-09-24T19:29:44","date_gmt":"2025-09-25T01:29:44","guid":{"rendered":"https:\/\/encuentroinformativo.com.mx\/?p=71246"},"modified":"2025-09-24T19:29:44","modified_gmt":"2025-09-25T01:29:44","slug":"acusa-seccion-32-del-snte-acoso-a-docentes-con-actas-administrativas","status":"publish","type":"post","link":"https:\/\/encuentroinformativo.com.mx\/?p=71246","title":{"rendered":"Acusa secci\u00f3n 32 del SNTE acoso a docentes con actas administrativas"},"content":{"rendered":"<p><strong>Dar\u00edo Pale<\/strong><\/p>\n<p>Xalapa, Ver.- El secretario general de la Secci\u00f3n 32 del Sindicato Nacional de Trabajadores de la Educaci\u00f3n (SNTE), Daniel Covarrubias L\u00f3pez dio a conocer que, ponga un alto al acoso laboral de parte de directores a maestros y maestras.<\/p>\n<p>Se debe frenar la persecuci\u00f3n a los compa\u00f1eros docentes, que tienen que ver con actas administrativas, son 15 casos de persecuci\u00f3n en contra de maestros y maestros por parte de directores de escuelas.<\/p>\n<p>\u201cEl tema es frenar ya el perseguir a los compa\u00f1eros, s\u00ed hubo respuesta y lo va a anunciar la gobernadora, son documentos que les levantan cuando hay una acta administrativa en su contra, ning\u00fan acta administrativa significa un cese, sin embargo los han planteado. Nosotros de los casos que llevamos ser\u00edan como 15\u201d, se\u00f1al\u00f3.<\/p>\n<p>En estos casos -destac\u00f3- hay el compromiso de la gobernadora Nahle Garc\u00eda de revisar cada uno de ellos y actuar conforme a derecho, dijo que el acoso viene principalmente de los directores y directoras de las instituciones educativas.<\/p>\n<p>Por otra parte pidi\u00f3 seriedad a la Secretar\u00eda de Educaci\u00f3n de Veracruz (SEV), adem\u00e1s de que se concreten acuerdos y funcione correctamente la dependencia, ya que con la gobernadora se hacen acuerdos, pero se atoran en la SEV, pues en ocasiones se dan desacuerdos con la titular Claudia Tello Espinosa.<\/p>\n<p>\u201cNo creo que la presionemos, nos reunimos, vamos a trabajar pero con todo respeto. Cuando hay acoso s\u00ed (se toman las instalaciones de la dependencia), es manifestarse, yo creo que tenemos el libre derecho de manifestarnos, los compa\u00f1eros de Secundarias T\u00e9cnicas lo hicieron as\u00ed y nosotros los acompa\u00f1amos\u201d, coment\u00f3.<\/p>\n<p>Sobre la negociaci\u00f3n nacional indic\u00f3 que es sobre el incremento salarial y a bonos.<\/p>\n<p>Con la gobernadora, dijo que se dialog\u00f3 sobre la atenci\u00f3n a los docentes y se d\u00e9 mejor servicio, &#8220;es cuesti\u00f3n de la gente que est\u00e1 al frente&#8221;.<\/p>\n<p>Finalmente con relaci\u00f3n a los casos de inseguridad que padecen algunos docentes, refiri\u00f3 que la autoridad debe darle seguridad a toda la poblaci\u00f3n.<\/p>\n","protected":false},"excerpt":{"rendered":"<p>Dar\u00edo Pale Xalapa, Ver.- El secretario general de la Secci\u00f3n 32 del Sindicato Nacional de Trabajadores de la Educaci\u00f3n (SNTE), Daniel Covarrubias L\u00f3pez dio a conocer que, ponga un alto al acoso laboral de parte de directores a maestros y maestras. Se debe frenar la persecuci\u00f3n a los compa\u00f1eros docentes, que tienen que ver con [&hellip;]<\/p>\n","protected":false},"author":2476,"featured_media":71247,"comment_status":"open","ping_status":"open","sticky":false,"template":"","format":"standard","meta":{"_jetpack_memberships_contains_paid_content":false,"footnotes":""},"categories":[2],"tags":[],"class_list":["post-71246","post","type-post","status-publish","format-standard","has-post-thumbnail","hentry","category-estado"],"jetpack_featured_media_url":"https:\/\/encuentroinformativo.com.mx\/wp-content\/uploads\/2025\/09\/IMG-20250924-WA0423.jpg","jetpack_sharing_enabled":true,"jetpack_likes_enabled":true,"amp_enabled":true,"_links":{"self":[{"href":"https:\/\/encuentroinformativo.com.mx\/index.php?rest_route=\/wp\/v2\/posts\/71246","targetHints":{"allow":["GET"]}}],"collection":[{"href":"https:\/\/encuentroinformativo.com.mx\/index.php?rest_route=\/wp\/v2\/posts"}],"about":[{"href":"https:\/\/encuentroinformativo.com.mx\/index.php?rest_route=\/wp\/v2\/types\/post"}],"author":[{"embeddable":true,"href":"https:\/\/encuentroinformativo.com.mx\/index.php?rest_route=\/wp\/v2\/users\/2476"}],"replies":[{"embeddable":true,"href":"https:\/\/encuentroinformativo.com.mx\/index.php?rest_route=%2Fwp%2Fv2%2Fcomments&post=71246"}],"version-history":[{"count":1,"href":"https:\/\/encuentroinformativo.com.mx\/index.php?rest_route=\/wp\/v2\/posts\/71246\/revisions"}],"predecessor-version":[{"id":71248,"href":"https:\/\/encuentroinformativo.com.mx\/index.php?rest_route=\/wp\/v2\/posts\/71246\/revisions\/71248"}],"wp:featuredmedia":[{"embeddable":true,"href":"https:\/\/encuentroinformativo.com.mx\/index.php?rest_route=\/wp\/v2\/media\/71247"}],"wp:attachment":[{"href":"https:\/\/encuentroinformativo.com.mx\/index.php?rest_route=%2Fwp%2Fv2%2Fmedia&parent=71246"}],"wp:term":[{"taxonomy":"category","embeddable":true,"href":"https:\/\/encuentroinformativo.com.mx\/index.php?rest_route=%2Fwp%2Fv2%2Fcategories&post=71246"},{"taxonomy":"post_tag","embeddable":true,"href":"https:\/\/encuentroinformativo.com.mx\/index.php?rest_route=%2Fwp%2Fv2%2Ftags&post=71246"}],"curies":[{"name":"wp","href":"https:\/\/api.w.org\/{rel}","templated":true}]}}