{"id":7125,"date":"2020-10-20T14:29:29","date_gmt":"2020-10-20T19:29:29","guid":{"rendered":"https:\/\/encuentroinformativo.com.mx\/?p=7125"},"modified":"2020-10-20T14:29:32","modified_gmt":"2020-10-20T19:29:32","slug":"posponen-festejos-de-carnaval-de-veracruz","status":"publish","type":"post","link":"https:\/\/encuentroinformativo.com.mx\/?p=7125","title":{"rendered":"Posponen festejos de Carnaval de Veracruz"},"content":{"rendered":"\n<p><strong>Alejandro \u00c1vila<\/strong><\/p>\n\n\n\n<p>Veracruz, Ver.- Debido a que la pandemia no ha terminado por completo y que la Secretar\u00eda de Salud Federal no ha determinado cuando tengan en existencia la vacuna contra el COVID-19, el Ayuntamiento de Veracruz determin\u00f3 posponer la festividad de Carnaval del 2021.<\/p>\n\n\n\n<p>El alcalde Fernando Yunes M\u00e1rquez, aclar\u00f3 que existe toda la intenci\u00f3n de llevarlo a cabo, ya que es una importante derrama econ\u00f3mica para la ciudad, y una festividad que esperan los prestadores de servicios tur\u00edsticos, vendedores ambulantes y evidentemente el pueblo de Veracruz.<\/p>\n\n\n\n<p>Sin embargo, como la ciudad recibe m\u00e1s de un mill\u00f3n de visitantes durante la semana de Carnaval y aun no existen las condiciones de salud para llevarlo a cabo, se decidi\u00f3 posponerlo para su fecha original, que es en el mes de febrero, aunque se analiza, reprogramarlo para el verano, entre los meses de junio y julio.<\/p>\n\n\n\n<p>&#8220;El d\u00eda de hoy venimos a dar el anuncio de que formalmente se pospone el Carnaval 2021, el Carnaval estaba planeado para llevarse a cabo en el mes de febrero, la realidad es que hemos hecho absolutamente todo, principalmente el Comit\u00e9 de Carnaval y la direcci\u00f3n de Turismo, para agotar todas las posibilidades para poder llevar a cabo el Carnaval en las fechas originales, pero derivado de la pandemia ha sido imposible, no vemos las condiciones necesarias para poder llevar a cabo un evento multitudinario, de m\u00e1s de un mill\u00f3n de personas durante lo que dura el Carnaval&#8221;, apunt\u00f3.<\/p>\n\n\n\n<p>El edil panista, se\u00f1al\u00f3 que no desean se suspenda el Carnaval, por lo que est\u00e1n analizando que en junio o julio se lleve a cabo, ya que en caso de cancelarlo se perder\u00eda una derrama econ\u00f3mica de aproximadamente 300 mil millones de pesos que deja en toda la ciudad las fiestas de Carnaval.<\/p>\n\n\n\n<p>&#8220;S\u00ed tenemos que ir viendo que va a pasar, lo m\u00e1s importante es que no vamos a poner en riesgo a nadie, solamente se va a llevar a cabo en las fechas donde estemos cien por ciento seguros de que se puede llevar un evento, de que puede haber aglomeracion de personas y de que nadie correr\u00e1 un riesgo en su salud&#8221;, remat\u00f3.<\/p>\n","protected":false},"excerpt":{"rendered":"<p>Alejandro \u00c1vila Veracruz, Ver.- Debido a que la pandemia no ha terminado por completo y que la Secretar\u00eda de Salud Federal no ha determinado cuando tengan en existencia la vacuna contra el COVID-19, el Ayuntamiento de Veracruz determin\u00f3 posponer la festividad de Carnaval del 2021. El alcalde Fernando Yunes M\u00e1rquez, aclar\u00f3 que existe toda la [&hellip;]<\/p>\n","protected":false},"author":1,"featured_media":7126,"comment_status":"open","ping_status":"open","sticky":false,"template":"","format":"standard","meta":{"_jetpack_memberships_contains_paid_content":false,"footnotes":""},"categories":[2],"tags":[],"class_list":["post-7125","post","type-post","status-publish","format-standard","has-post-thumbnail","hentry","category-estado"],"jetpack_featured_media_url":"https:\/\/encuentroinformativo.com.mx\/wp-content\/uploads\/2020\/10\/73BFA0C0-6207-4286-BEB0-96220BB3CEF1.jpeg","jetpack_sharing_enabled":true,"jetpack_likes_enabled":true,"amp_enabled":true,"_links":{"self":[{"href":"https:\/\/encuentroinformativo.com.mx\/index.php?rest_route=\/wp\/v2\/posts\/7125","targetHints":{"allow":["GET"]}}],"collection":[{"href":"https:\/\/encuentroinformativo.com.mx\/index.php?rest_route=\/wp\/v2\/posts"}],"about":[{"href":"https:\/\/encuentroinformativo.com.mx\/index.php?rest_route=\/wp\/v2\/types\/post"}],"author":[{"embeddable":true,"href":"https:\/\/encuentroinformativo.com.mx\/index.php?rest_route=\/wp\/v2\/users\/1"}],"replies":[{"embeddable":true,"href":"https:\/\/encuentroinformativo.com.mx\/index.php?rest_route=%2Fwp%2Fv2%2Fcomments&post=7125"}],"version-history":[{"count":1,"href":"https:\/\/encuentroinformativo.com.mx\/index.php?rest_route=\/wp\/v2\/posts\/7125\/revisions"}],"predecessor-version":[{"id":7127,"href":"https:\/\/encuentroinformativo.com.mx\/index.php?rest_route=\/wp\/v2\/posts\/7125\/revisions\/7127"}],"wp:featuredmedia":[{"embeddable":true,"href":"https:\/\/encuentroinformativo.com.mx\/index.php?rest_route=\/wp\/v2\/media\/7126"}],"wp:attachment":[{"href":"https:\/\/encuentroinformativo.com.mx\/index.php?rest_route=%2Fwp%2Fv2%2Fmedia&parent=7125"}],"wp:term":[{"taxonomy":"category","embeddable":true,"href":"https:\/\/encuentroinformativo.com.mx\/index.php?rest_route=%2Fwp%2Fv2%2Fcategories&post=7125"},{"taxonomy":"post_tag","embeddable":true,"href":"https:\/\/encuentroinformativo.com.mx\/index.php?rest_route=%2Fwp%2Fv2%2Ftags&post=7125"}],"curies":[{"name":"wp","href":"https:\/\/api.w.org\/{rel}","templated":true}]}}