{"id":71263,"date":"2025-09-25T10:46:18","date_gmt":"2025-09-25T16:46:18","guid":{"rendered":"https:\/\/encuentroinformativo.com.mx\/?p=71263"},"modified":"2025-09-25T10:46:18","modified_gmt":"2025-09-25T16:46:18","slug":"defienden-a-profesor-de-actopan-realizan-protesta-en-la-sev","status":"publish","type":"post","link":"https:\/\/encuentroinformativo.com.mx\/?p=71263","title":{"rendered":"Defienden a profesor de Actopan, realizan protesta en la SEV"},"content":{"rendered":"<p><strong>Dar\u00edo Pale<\/strong><\/p>\n<p>Xalapa, Ver.- Docentes tomaron este jueves las instalaciones de la Secretar\u00eda de Educaci\u00f3n de Veracruz (SEV), en apoyo del profesor Marco Antonio Moreno Mart\u00ednez de la zona 291, de la comunidad San Nicol\u00e1s, municipio de Actopan, quien fue cesado por supuesto maltrato f\u00edsico a un ni\u00f1o.<\/p>\n<p>El profesor daba los grados de primero y segundo de primaria en la escuela Jos\u00e9 Mar\u00eda Morelos y Pav\u00f3n.<\/p>\n<p>Los docentes exigen un alto a las acusaciones.<\/p>\n<p>De acuerdo con la informaci\u00f3n, el maestro Marco est\u00e1 en proceso de prejubilaci\u00f3n.<\/p>\n<p>El docente pidi\u00f3 que lo regresen a su trabajo en la comunidad.<\/p>\n<p>Se\u00f1al\u00f3 que todo es una mentira, las acusaciones en su contra.<\/p>\n<p>Destac\u00f3 que tiene una trayectoria de 25 a\u00f1os de servicio y 24 a\u00f1os estando en la comunidad.<\/p>\n<p>&#8220;Yo quiero mi posici\u00f3n, que me regresen a mi comunidad. Es lo que pido&#8221;, indic\u00f3.<\/p>\n<p>&#8211; \u00bfCu\u00e1l fue la acusaci\u00f3n principal por la que la est\u00e1n destituyendo?<br \/>\n&#8211; Fue violencia f\u00edsica en contra de un ni\u00f1o, pero no fue cierto, no fue verdad eso.<\/p>\n<p>&#8211; \u00bfEn un di\u00e1logo con una madre de familia dicen que la persona que lo acus\u00f3 ya no se encuentra en la comunidad?<br \/>\n&#8211; S\u00ed, no se encuentra.<\/p>\n<p>Al respecto, el profesor coment\u00f3 que se hicieron todos los protocolos, pero la acusadora no lleg\u00f3 a firmar.<\/p>\n<p>&#8220;Tir\u00f3 la piedra y esconde la mano de la se\u00f1ora y eso no se vale. Eso no se vale porque me perjudic\u00f3 a m\u00ed y a mi familia, En eso no se puso a pensar la se\u00f1ora\u201d, coment\u00f3.<\/p>\n<p>Finalmente el profesor dijo que, \u201chacer una acusaci\u00f3n sin argumentos, es una falsedad, por eso tengo a la comunidad, mi comunidad me est\u00e1 apoyando, los maestros por eso me apoyan&#8221;.<\/p>\n","protected":false},"excerpt":{"rendered":"<p>Dar\u00edo Pale Xalapa, Ver.- Docentes tomaron este jueves las instalaciones de la Secretar\u00eda de Educaci\u00f3n de Veracruz (SEV), en apoyo del profesor Marco Antonio Moreno Mart\u00ednez de la zona 291, de la comunidad San Nicol\u00e1s, municipio de Actopan, quien fue cesado por supuesto maltrato f\u00edsico a un ni\u00f1o. El profesor daba los grados de primero [&hellip;]<\/p>\n","protected":false},"author":2476,"featured_media":71264,"comment_status":"open","ping_status":"open","sticky":false,"template":"","format":"standard","meta":{"_jetpack_memberships_contains_paid_content":false,"footnotes":""},"categories":[8],"tags":[],"class_list":["post-71263","post","type-post","status-publish","format-standard","has-post-thumbnail","hentry","category-region"],"jetpack_featured_media_url":"https:\/\/encuentroinformativo.com.mx\/wp-content\/uploads\/2025\/09\/IMG-20250925-WA0040.jpg","jetpack_sharing_enabled":true,"jetpack_likes_enabled":true,"amp_enabled":true,"_links":{"self":[{"href":"https:\/\/encuentroinformativo.com.mx\/index.php?rest_route=\/wp\/v2\/posts\/71263","targetHints":{"allow":["GET"]}}],"collection":[{"href":"https:\/\/encuentroinformativo.com.mx\/index.php?rest_route=\/wp\/v2\/posts"}],"about":[{"href":"https:\/\/encuentroinformativo.com.mx\/index.php?rest_route=\/wp\/v2\/types\/post"}],"author":[{"embeddable":true,"href":"https:\/\/encuentroinformativo.com.mx\/index.php?rest_route=\/wp\/v2\/users\/2476"}],"replies":[{"embeddable":true,"href":"https:\/\/encuentroinformativo.com.mx\/index.php?rest_route=%2Fwp%2Fv2%2Fcomments&post=71263"}],"version-history":[{"count":1,"href":"https:\/\/encuentroinformativo.com.mx\/index.php?rest_route=\/wp\/v2\/posts\/71263\/revisions"}],"predecessor-version":[{"id":71265,"href":"https:\/\/encuentroinformativo.com.mx\/index.php?rest_route=\/wp\/v2\/posts\/71263\/revisions\/71265"}],"wp:featuredmedia":[{"embeddable":true,"href":"https:\/\/encuentroinformativo.com.mx\/index.php?rest_route=\/wp\/v2\/media\/71264"}],"wp:attachment":[{"href":"https:\/\/encuentroinformativo.com.mx\/index.php?rest_route=%2Fwp%2Fv2%2Fmedia&parent=71263"}],"wp:term":[{"taxonomy":"category","embeddable":true,"href":"https:\/\/encuentroinformativo.com.mx\/index.php?rest_route=%2Fwp%2Fv2%2Fcategories&post=71263"},{"taxonomy":"post_tag","embeddable":true,"href":"https:\/\/encuentroinformativo.com.mx\/index.php?rest_route=%2Fwp%2Fv2%2Ftags&post=71263"}],"curies":[{"name":"wp","href":"https:\/\/api.w.org\/{rel}","templated":true}]}}